{"id":8185,"date":"2026-01-11T18:22:17","date_gmt":"2026-01-11T16:22:17","guid":{"rendered":"https:\/\/www.ilca.fi\/?p=8185"},"modified":"2026-01-11T18:40:35","modified_gmt":"2026-01-11T16:40:35","slug":"ilca-finland-tiedote-1-2026-uuden-puheenjohtajan-tervehdys","status":"publish","type":"post","link":"https:\/\/www.ilca.fi\/sv\/ilca-finland-tiedote-1-2026-uuden-puheenjohtajan-tervehdys\/","title":{"rendered":"ILCA FINLAND TIEDOTE 1\/2026 \u2014 Uuden puheenjohtajan tervehdys"},"content":{"rendered":"<div data-elementor-type=\"wp-post\" data-elementor-id=\"8185\" class=\"elementor elementor-8185\">\n\t\t\t\t<div class=\"elementor-element elementor-element-3c0c12d e-flex e-con-boxed e-con e-parent\" data-id=\"3c0c12d\" data-element_type=\"container\" data-e-type=\"container\">\n\t\t\t\t\t<div class=\"e-con-inner\">\n\t\t\t\t<div class=\"elementor-element elementor-element-62a7ae8 elementor-widget elementor-widget-heading\" data-id=\"62a7ae8\" data-element_type=\"widget\" data-e-type=\"widget\" data-widget_type=\"heading.default\">\n\t\t\t\t<div class=\"elementor-widget-container\">\n\t\t\t\t\t<p class=\"elementor-heading-title elementor-size-default\">ILCA Finland tiedote 1\/2026<\/p>\t\t\t\t<\/div>\n\t\t\t\t<\/div>\n\t\t\t\t<div class=\"elementor-element elementor-element-dd617f9 elementor-widget elementor-widget-heading\" data-id=\"dd617f9\" data-element_type=\"widget\" data-e-type=\"widget\" data-widget_type=\"heading.default\">\n\t\t\t\t<div class=\"elementor-widget-container\">\n\t\t\t\t\t<p class=\"elementor-heading-title elementor-size-default\">Uuden puheenjohtajan tervehdys<\/p>\t\t\t\t<\/div>\n\t\t\t\t<\/div>\n\t\t\t\t\t<\/div>\n\t\t\t\t<\/div>\n\t\t<div class=\"elementor-element elementor-element-66c750b e-flex e-con-boxed e-con e-parent\" data-id=\"66c750b\" data-element_type=\"container\" data-e-type=\"container\">\n\t\t\t\t\t<div class=\"e-con-inner\">\n\t\t\t\t<div class=\"elementor-element elementor-element-54161fd elementor-widget elementor-widget-text-editor\" data-id=\"54161fd\" data-element_type=\"widget\" data-e-type=\"widget\" data-widget_type=\"text-editor.default\">\n\t\t\t\t<div class=\"elementor-widget-container\">\n\t\t\t\t\t\t\t\t\t<p>Hyv\u00e4\u00e4 alkanutta vuotta 2026 ja uutta purjehduskautta kaikille!<\/p>\n<p>Saara S\u00f6derberg p\u00e4\u00e4tti kautensa ILCA Finlandin puheenjohtajana syyskokouksessa joulukuussa 2025, ja samassa kokouksessa minut valittiin uudeksi puheenjohtajaksi. Haluan ensit\u00f6ikseni kiitt\u00e4\u00e4 Saaraa h\u00e4nen pitk\u00e4j\u00e4nteisest\u00e4 ja arvokkaasta ty\u00f6st\u00e4\u00e4n ILCA Finlandin hallituksessa ja puheenjohtajana. H\u00e4n j\u00e4tt\u00e4\u00e4 johdettavakseni hyvin hoidetun ja vahvassa kehitysvaiheessa olevan luokkaliiton. Kiitokseni kuuluvat my\u00f6s Jerker Skogstr\u00f6mille, Tore Kindstedtille ja Attelle Timmerbackalle hallitusty\u00f6skentelyst\u00e4 kuluneina vuosina.<\/p>\n<p>Viimeiset pari vuotta ovat olleet suomalaiselle ILCA-purjehdukselle kasvun aikaa. Kotimaan regattojen osallistujam\u00e4\u00e4r\u00e4t ovat kasvaneet tasaisesti, ja olemme ajoittain kohdanneet jopa positiivisia haasteita nuorten arvokilpailujen maapaikkojen riitt\u00e4vyyden osalta. ILCA Finland onkin laatinut&nbsp;<a href=\"https:\/\/www.ilca.fi\/sv\/ilca-finland-tiedote-1-2026-uuden-puheenjohtajan-tervehdys\/#Arvokilpailutiedote\">selke\u00e4t ja avoimet perusteet<\/a>&nbsp;maapaikkojen jakamiselle nuorten arvokilpailuihin (alla) ja pyrkii jatkossakin mahdollistamaan osallistumisen mahdollisimman monelle nuorelle purjehtijalle.<\/p>\n<p>My\u00f6s Masters-toiminta on selv\u00e4sti piristynyt. Suomi sai kunnian j\u00e4rjest\u00e4\u00e4 ensimm\u00e4iset ILCA Masters PM -kilpailut kes\u00e4ll\u00e4 2025, ja hyvin toiminutta konseptia jatketaan: perinteinen Nauvon Masters-luokkamestaruuskilpailu toimii t\u00e4n\u00e4kin vuonna samalla PM-kilpailuna. Lis\u00e4ksi suomalaisia Masters-purjehtijoita on n\u00e4hty EM- ja MM-kilpailuissa viime vuosina.<\/p>\n<p>Maajoukkuepurjehtijamme ovat puolestaan pit\u00e4neet Suomen v\u00e4rej\u00e4 esill\u00e4 kansainv\u00e4lisiss\u00e4 Grand Slam -kilpailuissa, senioreiden arvokilpailuissa ja olympialaisissa. My\u00f6s muutamat nuoremmat purjehtijat ovat jo p\u00e4\u00e4sseet mukaan n\u00e4ihin kilpailuihin haastamaan maailman k\u00e4rke\u00e4. Perinteisen koko j\u00e4senist\u00f6\u00e4 palvelevan leiritystoiminnan lis\u00e4ksi on j\u00e4rjestetty teorialuentoja, joiden avulla on voinut syvent\u00e4\u00e4 osaamista ja ymm\u00e4rryst\u00e4 purjehduksesta.<\/p>\n<p>Aloitan puheenjohtajakauteni siis eritt\u00e4in hyvist\u00e4 l\u00e4ht\u00f6kohdista. Oma purjehdusharrastukseni on alkanut vasta aikuisi\u00e4ll\u00e4 \u2013 suoraan Masters-ik\u00e4isen\u00e4 \u2013 ja hallituksessa olen ollut mukana muutaman vuoden ajan. Tavoitteenani on p\u00e4\u00e4st\u00e4 my\u00f6s itse vesille jollalla kuluvalla kaudella, mutta todenn\u00e4k\u00f6isesti suurin osa \u201cvesitunneista\u201d kertyy kilpailup\u00e4\u00e4llik\u00f6n teht\u00e4viss\u00e4.<\/p>\n<p>Olen vastannut aiemmin kotimaan kilpailujen koordinoinnista, mutta t\u00e4m\u00e4 teht\u00e4v\u00e4 siirtyy nyt Jarkko Vehvil\u00e4iselle, joka valittiin syyskokouksessa hallituksen j\u00e4seneksi. Hallituksessa jatkavat Aleksi Tapper varapuheenjohtajana ja rahastonhoitajana, Veikka Viitala sihteerin\u00e4 sek\u00e4 Tom L\u00f6nnqvist valmennusvastaavana. Jarkon lis\u00e4ksi hallitukseen valittiin Asko Huumonen Masters-vastaavaksi ja Vera Enoksson junioreiden edustajaksi. Hallituksen j\u00e4senten yhteystiedot l\u00f6ytyv\u00e4t&nbsp;<a href=\"https:\/\/www.ilca.fi\/sv\/yhdistys\/#hallitus\" target=\"_blank\" rel=\"noopener\">t\u00e4lt\u00e4 sivulta<\/a>.<\/p>\n<p>Tavoitteemme on s\u00e4ilytt\u00e4\u00e4 toiminnan korkea taso ja kehitt\u00e4\u00e4 sit\u00e4 edelleen mahdollisuuksien mukaan. Yhteisty\u00f6 muiden luokkaliittojen, SPV:n sek\u00e4 ILCA-toimintaa j\u00e4rjest\u00e4vien seurojen kanssa on jatkossakin keskeinen osa toimintaamme. Otamme mielell\u00e4mme vastaan my\u00f6s j\u00e4senten kehitysideoita.<\/p>\n<p>Kaudella 2026 ILCA Finland jatkaa toimintaansa p\u00e4\u00e4osin tutulla kaavalla. Alkukev\u00e4\u00e4st\u00e4 j\u00e4rjestet\u00e4\u00e4n syksylt\u00e4 siirtynyt luento purjehtijan fysiikkaharjoittelusta ja ravinnosta, ja my\u00f6hemmin kev\u00e4\u00e4ll\u00e4 pyrit\u00e4\u00e4n j\u00e4rjest\u00e4m\u00e4\u00e4n s\u00e4\u00e4nt\u00f6luento ennen kauden alkua. Kausi k\u00e4ynnistyy perinteisell\u00e4 kev\u00e4tleirill\u00e4, ja kotimaan kilpailukausi alkaa NJK:n V\u00e5rregatalla 9.\u201310.5.2026, joka toimii samalla kauden karsintakilpailuna. Arvokisapaikkojen rankingista kaudelle 2026 on alla <a href=\"https:\/\/www.ilca.fi\/sv\/ilca-finland-tiedote-1-2026-uuden-puheenjohtajan-tervehdys\/#Arvokilpailutiedote\">erillinen tiedote<\/a>.<\/p>\n<p>SM-kilpailut jakautuvat t\u00e4n\u00e4 vuonna kahteen regattaan: kes\u00e4kuussa kilpaillaan ILCA 4- ja ILCA 7 -luokkien Suomenmestaruuksista EPS:ll\u00e4, ja syyskuussa ILCA 6 -luokan mestaruudet ratkotaan HSK:lla.<\/p>\n<p>Mukana on my\u00f6s uutta. Kauden viimeinen rankingkilpailu syyskuussa purjehditaan lyhytratakilpailuna ESF:ll\u00e4. Tavoitteena on tuoda vaihtelua rankingkilpailuihin ja testata mahdollisesti olympiatasolta tuttuja kilpailuk\u00e4yt\u00e4nt\u00f6j\u00e4. Lis\u00e4ksi avaamme yhteisty\u00f6ss\u00e4 Optimistijollaliiton kanssa edustusvaatteiden verkkokaupan, joka helpottaa yhten\u00e4isen ilmeen ja arvokilpailuvarustuksen hankintaa. Taloushallintoon tehd\u00e4\u00e4n my\u00f6s muutoksia, joilla j\u00e4sen-, leiri- ja luentomaksujen maksaminen sujuvoituu.<\/p>\n<p>Kauden 2026 j\u00e4senmaksuja voi maksaa heti alkuvuodesta&nbsp;<a href=\"https:\/\/www.ilca.fi\/sv\/yhdistys\/#jasenyys\" target=\"_blank\" rel=\"noopener\">totuttuun tapaan<\/a>. Kaikki ILCA Finlandin toiminta on suunnattu j\u00e4senille, ja j\u00e4senmaksu (35 \u20ac\/j\u00e4sen) k\u00e4ytet\u00e4\u00e4n kokonaisuudessaan joko ILCA:n kansainv\u00e4liseen j\u00e4senmaksuun tai j\u00e4sentoiminnan kulujen kattamiseen. J\u00e4senm\u00e4\u00e4r\u00e4ll\u00e4 on suora vaikutus my\u00f6s Suomeen my\u00f6nnett\u00e4viin arvokilpailujen maapaikkoihin.<\/p>\n<p>ILCA Finlandin j\u00e4senet ovat samalla EurILCA:n ja ILCA:n j\u00e4seni\u00e4. Vuosittainen j\u00e4senkortti vaaditaan ulkomaisissa kilpailuissa, ja vain j\u00e4senet huomioidaan Suomen ILCA-ranking-sarjojen tuloksissa. ILCA Finland ei my\u00f6sk\u00e4\u00e4n voi rankata arvokilpailuihin purjehtijaa, joka ei ole kyseisen\u00e4 vuonna j\u00e4sen. J\u00e4senmaksun maksamisen yhteydess\u00e4 pyyd\u00e4mme my\u00f6s tarkistamaan yhteystietonne, jotta voimme tavoittaa teid\u00e4t ajantasaisesti kaikista tapahtumista ja tiedotteista.<\/p>\n<p><\/p>\n<p>Haluan toivottaa kaikille j\u00e4senille innostavaa, turvallista ja menestyksek\u00e4st\u00e4 purjehduskautta 2026 \u2013 niin vesill\u00e4 kuin niiden ulkopuolellakin. Toivon n\u00e4kev\u00e4ni mahdollisimman monia teist\u00e4 leireill\u00e4, kilpailuissa ja tapahtumissa kauden aikana. Tehd\u00e4\u00e4n yhdess\u00e4 ILCA Finlandista edelleen aktiivinen, avoin ja kehittyv\u00e4 luokkaliitto.<\/p>\n<p><\/p>\n<p>Hyv\u00e4\u00e4 purjehduskautta!<\/p>\n<p>Jarno Evakoski<br><i>Ordf\u00f6rande<\/i><br>ILCA Finland<\/p>\n<div>&nbsp;<\/div>\t\t\t\t\t\t\t\t<\/div>\n\t\t\t\t<\/div>\n\t\t\t\t<div class=\"elementor-element elementor-element-5a3123e elementor-widget elementor-widget-menu-anchor\" data-id=\"5a3123e\" data-element_type=\"widget\" data-e-type=\"widget\" data-widget_type=\"menu-anchor.default\">\n\t\t\t\t<div class=\"elementor-widget-container\">\n\t\t\t\t\t\t\t<div class=\"elementor-menu-anchor\" id=\"Arvokilpailutiedote\"><\/div>\n\t\t\t\t\t\t<\/div>\n\t\t\t\t<\/div>\n\t\t\t\t<div class=\"elementor-element elementor-element-bcb69c9 elementor-widget elementor-widget-heading\" data-id=\"bcb69c9\" data-element_type=\"widget\" data-e-type=\"widget\" data-widget_type=\"heading.default\">\n\t\t\t\t<div class=\"elementor-widget-container\">\n\t\t\t\t\t<h2 class=\"elementor-heading-title elementor-size-default\">Kauden 2026 ILCA 7 U21-, ILCA 6 U21- ja U19- sek\u00e4 ILCA 4 U18 -arvokilpailut<\/h2>\t\t\t\t<\/div>\n\t\t\t\t<\/div>\n\t\t\t\t<div class=\"elementor-element elementor-element-2e6f4e9 elementor-widget elementor-widget-text-editor\" data-id=\"2e6f4e9\" data-element_type=\"widget\" data-e-type=\"widget\" data-widget_type=\"text-editor.default\">\n\t\t\t\t<div class=\"elementor-widget-container\">\n\t\t\t\t\t\t\t\t\t<p>Maapaikkojen m\u00e4\u00e4r\u00e4 perustuu ILCA Finland j\u00e4senm\u00e4\u00e4r\u00e4\u00e4n ja se suhteutetaan muiden kilpailuun osallistuvien maiden j\u00e4senm\u00e4\u00e4riin. Paikkoja on rajoitetusti jokaiseen regattaan ja maapaikkojen m\u00e4\u00e4r\u00e4 vaihtelee.\u00a0<\/p><p>ILCA Finland antaa rankkauksen (puoltoj\u00e4rjestys) ilmoittautuneille purjehtijoille joko kauden 2026 arvokisakarsinnan (NJK 9.-10.5.) tai\u00a0<a href=\"https:\/\/www.ilca.fi\/sv\/tulokset-ja-tunnustukset\/\" target=\"_blank\" rel=\"noopener\">kauden 2025 ranking sarjan tulosten perusteella<\/a>. Jos kauden 2026 karsintaa ei ole ehditty toteuttaa ennen kuin arvokisarankkaus pit\u00e4\u00e4 antaa, niin rankkaamisen perusteena k\u00e4ytet\u00e4\u00e4n kauden 2025 rankingsarjan tuloksia kyseisest\u00e4 luokasta (ILCA 7, 6 tai 4). Ne purjehtijat, joilla ei ole ranking 2025 tai karsinta tulosta 2026 kyseisest\u00e4 luokasta, rankataan listalla tuloksen saaneiden purjehtijoiden j\u00e4lkeen seuraavaksi alemman ILCA-luokan tuloksen mukaisessa j\u00e4rjestyksess\u00e4. Jos purjehtijalla ei ole mink\u00e4\u00e4n ILCA-luokan tulosta niin h\u00e4net sijoitetaan koko listan viimeiseksi, ja jos heit\u00e4 on useampi, heid\u00e4n keskin\u00e4inen j\u00e4rjestys ratkaistaan arvalla. J\u00e4lki-ilmoittautuneet purjehtijat rankataan muiden j\u00e4lkeen ilmoittautumisj\u00e4rjestyksess\u00e4.<\/p><p>ILCA Finland rankkaa edell\u00e4 mainittujen ehtojen mukaisesti purjehtijat heti ennen ensimm\u00e4ist\u00e4 kierrosta, jotta mahdollisuus saada lis\u00e4paikkoja s\u00e4ilyy. Rankattavan purjehtijan tulee olla maksanut ILCA Finlandin kuluvan vuoden j\u00e4senmaksu ennen rankkaamista.<\/p><p>Jos ilmoittautuneita purjehtijoita on enemm\u00e4n kuin Suomelle osoitettuja maapaikkoja (allocations), ILCA Finland vaatii jokaiselta rankkauksen haluavalta purjehtijalta sitoumuksen maksaa osallistumismaksu, mik\u00e4li maapaikkoja tarjotaan lis\u00e4\u00e4. T\u00e4m\u00e4 johtuu siit\u00e4, ett\u00e4 kansainv\u00e4liset liitot laskuttavat kaikista paikoista ILCA Finlandia, jos purjehtija ei ota paikkaa vastaan tai maksa osallistumismaksua.<\/p><p>ILCA Finlandin tavoitteena on mahdollistaa kaikkien motivoituneiden purjehtijoiden p\u00e4\u00e4seminen arvokilpailuihin. Vaikka ILCA Finland ei osallistu arvokilpailujen kustannuksiin tai j\u00e4rjestelyihin, kehotamme l\u00e4mpim\u00e4sti seuroja, purjehtijoita ja tukijoukkoja yhteisty\u00f6h\u00f6n matka- ja valmennusj\u00e4rjestelyiss\u00e4.<\/p><p><b>Ik\u00e4luokat vuodelle 2026 ovat seuraavat:<\/b><\/p><p>U18 (ILCA4) vuonna 2009 ja my\u00f6hemmin syntyneet<br \/>U19 vuonna 2008 ja my\u00f6hemmin syntyneet<br \/>U21 vuonna 2006 ja my\u00f6hemmin syntyneet<\/p>\t\t\t\t\t\t\t\t<\/div>\n\t\t\t\t<\/div>\n\t\t\t\t<div class=\"elementor-element elementor-element-667b5c1 elementor-widget elementor-widget-heading\" data-id=\"667b5c1\" data-element_type=\"widget\" data-e-type=\"widget\" data-widget_type=\"heading.default\">\n\t\t\t\t<div class=\"elementor-widget-container\">\n\t\t\t\t\t<h3 class=\"elementor-heading-title elementor-size-default\"><a href=\"https:\/\/sailing.laserinternational.org\/public\/site\/event-list\">MM-kilpailut<\/a><\/h3>\t\t\t\t<\/div>\n\t\t\t\t<\/div>\n\t\t\t\t<div class=\"elementor-element elementor-element-253d357 elementor-widget elementor-widget-text-editor\" data-id=\"253d357\" data-element_type=\"widget\" data-e-type=\"widget\" data-widget_type=\"text-editor.default\">\n\t\t\t\t<div class=\"elementor-widget-container\">\n\t\t\t\t\t\t\t\t\t<p><b>ILCA 7 ja 6 U21 17.\u201324.1.2026, Lanzarote, Espanja<\/b><\/p><p>Ilmoittautuminen p\u00e4\u00e4ttynyt ja paikat jaettu.<\/p><p>\u00a0<\/p><p>\u00a0<\/p><p><b>ILCA 4 1.\u20139.8.2026, Aarhus, Tanska<\/b><\/p><p>Paikkoja regatassa yhteens\u00e4 300 pojat ja 150 tyt\u00f6t.<br \/>Ilmoittautuminen avautuu: 2.2.2026<br \/>Ilmoittautuneiden rankkaaminen: 3.\u20139.4.2026<br \/>Peruste rankkaamiselle: ILCA 4 ranking 2025<br \/>Entry offer 1.kierros: 10.4.2026<br \/>J\u00e4lki-ilmoittautuminen avautuu: 11.4.2026<br \/>Entry sulkeutuu: 2.7.2026<\/p><p>\u00a0<\/p><p>\u00a0<\/p><p><b>ILCA 6 U19 11.\u201319.8.2026, Aarhus, Tanska<\/b><\/p><p>Paikkoja regatassa yhteens\u00e4 300 pojat ja 150 tyt\u00f6t.<br \/>Ilmoittautuminen avautuu: 12.2.2026<br \/>Ilmoittautuneiden rankkaaminen: 13.\u201320.4.2026<br \/>Peruste rankkaamiselle: ILCA6 ranking 2025<br \/>Entry offer 1. kierros: 20.4.2026<br \/>J\u00e4lki-ilmoittautuminen avautuu: 21.4.2026<br \/>Entry sulkeutuu: 12.7.2026<\/p>\t\t\t\t\t\t\t\t<\/div>\n\t\t\t\t<\/div>\n\t\t\t\t<div class=\"elementor-element elementor-element-37aac33 elementor-widget elementor-widget-heading\" data-id=\"37aac33\" data-element_type=\"widget\" data-e-type=\"widget\" data-widget_type=\"heading.default\">\n\t\t\t\t<div class=\"elementor-widget-container\">\n\t\t\t\t\t<h3 class=\"elementor-heading-title elementor-size-default\"><a href=\"https:\/\/eurilca.eu\/europeans\/\">EM-kilpailut<\/a><\/h3>\t\t\t\t<\/div>\n\t\t\t\t<\/div>\n\t\t\t\t<div class=\"elementor-element elementor-element-8b8ccf4 elementor-widget elementor-widget-text-editor\" data-id=\"8b8ccf4\" data-element_type=\"widget\" data-e-type=\"widget\" data-widget_type=\"text-editor.default\">\n\t\t\t\t<div class=\"elementor-widget-container\">\n\t\t\t\t\t\t\t\t\t<p><b>ILCA 4 11.\u201318.4.2026, Murcia, Espanja<\/b><\/p><p>Paikkoja regatassa yhteens\u00e4 450, FIN maapaikat tyt\u00f6t 3+6, pojat 5+10<br \/>Ilmoittautuminen avautuu: 22.12.2025<br \/>Ilmoittautuneiden rankkaaminen: 15.2.\u20132.3.2026<br \/>Peruste rankkaamiselle: ILCA 4 ranking 2025<br \/>Entry offer 1.kierros: 3.3.2026<br \/>J\u00e4lki-ilmoittautuminen avautuu: 3.3.2026<br \/>Entry sulkeutuu: 12.3.2026<\/p><p>\u00a0<\/p><p>\u00a0<\/p><p><b>ILCA 6 U19 10.-18.7.2026, Thessaloniki, Kreikka<\/b><\/p><p>Paikkoja regatassa yhteens\u00e4 420, FIN maapaikat tyt\u00f6t 3+8, pojat 5+10<br \/>Ilmoittautuminen avautuu: 25.1.2026<br \/>Ilmoittautuneiden rankkaaminen: 21.4.\u20133.5.2026<br \/>Peruste rankkaamiselle: ILCA 6 ranking 2025<br \/>Entry offer 1.kierros: 4.5.2026<br \/>J\u00e4lki-ilmoittautuminen avautuu: 4.5.2026<br \/>Entry sulkeutuu: 10.6.2026<\/p><p>\u00a0<\/p><p>\u00a0<\/p><p><b>ILCA 6 ja 7 U21 9.-16.10.2026, Bodrum, Turkki<\/b><\/p><p>Paikkoja regatassa yhteens\u00e4 240, FIN maapaikat tyt\u00f6t 1+5, pojat 5+10<br \/>Ilmoittautuminen avautuu: 1.7.2026<br \/>Ilmoittautuneiden rankkaaminen: 16.28.7.2026<br \/>Peruste rankkaamiselle: Karsinta 2026 (NJK 9.\u201310.5.2026)<br \/>Entry offer 1.kierros: 29.7.2026<br \/>J\u00e4lki-ilmoittautuminen avautuu: 29.7.2026<br \/>Entry sulkeutuu: 9.9.2026<\/p>\t\t\t\t\t\t\t\t<\/div>\n\t\t\t\t<\/div>\n\t\t\t\t<div class=\"elementor-element elementor-element-294fc59 elementor-widget elementor-widget-heading\" data-id=\"294fc59\" data-element_type=\"widget\" data-e-type=\"widget\" data-widget_type=\"heading.default\">\n\t\t\t\t<div class=\"elementor-widget-container\">\n\t\t\t\t\t<h3 class=\"elementor-heading-title elementor-size-default\">PM-kilpailut<\/h3>\t\t\t\t<\/div>\n\t\t\t\t<\/div>\n\t\t\t\t<div class=\"elementor-element elementor-element-ed549ec elementor-widget elementor-widget-text-editor\" data-id=\"ed549ec\" data-element_type=\"widget\" data-e-type=\"widget\" data-widget_type=\"text-editor.default\">\n\t\t\t\t<div class=\"elementor-widget-container\">\n\t\t\t\t\t\t\t\t\t<p><b>ILCA 6 U19 ja ILCA 4 U18, 27.7.\u20132.8.2026, Tj\u00f6rnbro, Ruotsi<\/b><\/p><p>20+20 maapaikkaa ILCA6 ja 20+20 maapaikkaa ILCA4<br \/>Ilmoittautuminen avautuu: toukokuu 2026<br \/>Ilmoittautuneiden rankkaaminen: Karsinta 2026 (NJK 9.-10.5.2026)<br \/>Peruste rankkaamiselle: Karsinta 2026 (NJK 9.-10.5.2026)<\/p><p>\u00a0<\/p><p><i>HUOM! T\u00e4ss\u00e4 tiedotteessa esitetyt p\u00e4iv\u00e4m\u00e4\u00e4r\u00e4t ja maapaikat ovat t\u00e4m\u00e4n hetkinen tieto, mutta ne voivat muuttua.<\/i><\/p>\t\t\t\t\t\t\t\t<\/div>\n\t\t\t\t<\/div>\n\t\t\t\t\t<\/div>\n\t\t\t\t<\/div>\n\t\t\t\t<\/div>","protected":false},"excerpt":{"rendered":"<p>ILCA Finland tiedote 1\/2026 Uuden puheenjohtajan tervehdys Hyv\u00e4\u00e4 alkanutta vuotta 2026 ja uutta purjehduskautta kaikille! Saara S\u00f6derberg p\u00e4\u00e4tti kautensa ILCA Finlandin puheenjohtajana syyskokouksessa joulukuussa 2025, ja samassa kokouksessa minut valittiin uudeksi puheenjohtajaksi. Haluan ensit\u00f6ikseni kiitt\u00e4\u00e4 Saaraa h\u00e4nen pitk\u00e4j\u00e4nteisest\u00e4 ja arvokkaasta ty\u00f6st\u00e4\u00e4n ILCA Finlandin hallituksessa ja puheenjohtajana. H\u00e4n j\u00e4tt\u00e4\u00e4 johdettavakseni hyvin hoidetun ja vahvassa kehitysvaiheessa olevan&hellip;&nbsp;<a href=\"https:\/\/www.ilca.fi\/sv\/ilca-finland-tiedote-1-2026-uuden-puheenjohtajan-tervehdys\/\" rel=\"bookmark\">L\u00e4s mer &raquo;<span class=\"screen-reader-text\">ILCA FINLAND TIEDOTE 1\/2026 \u2014 Uuden puheenjohtajan tervehdys<\/span><\/a><\/p>","protected":false},"author":5,"featured_media":0,"comment_status":"closed","ping_status":"open","sticky":false,"template":"","format":"standard","meta":{"neve_meta_sidebar":"","neve_meta_container":"","neve_meta_enable_content_width":"","neve_meta_content_width":0,"neve_meta_title_alignment":"","neve_meta_author_avatar":"","neve_post_elements_order":"","neve_meta_disable_header":"","neve_meta_disable_footer":"","neve_meta_disable_title":"","footnotes":""},"categories":[29],"tags":[],"class_list":["post-8185","post","type-post","status-publish","format-standard","hentry","category-uncategorized-fi"],"yoast_head":"<!-- This site is optimized with the Yoast SEO plugin v27.3 - https:\/\/yoast.com\/product\/yoast-seo-wordpress\/ -->\n<title>ILCA FINLAND TIEDOTE 1\/2026 \u2014 Uuden puheenjohtajan tervehdys - ILCA Finland<\/title>\n<meta name=\"robots\" content=\"index, follow, max-snippet:-1, max-image-preview:large, max-video-preview:-1\" \/>\n<link rel=\"canonical\" href=\"https:\/\/www.ilca.fi\/sv\/ilca-finland-tiedote-1-2026-uuden-puheenjohtajan-tervehdys\/\" \/>\n<meta property=\"og:locale\" content=\"sv_SE\" \/>\n<meta property=\"og:type\" content=\"article\" \/>\n<meta property=\"og:title\" content=\"ILCA FINLAND TIEDOTE 1\/2026 \u2014 Uuden puheenjohtajan tervehdys - ILCA Finland\" \/>\n<meta property=\"og:description\" content=\"ILCA Finland tiedote 1\/2026 Uuden puheenjohtajan tervehdys Hyv\u00e4\u00e4 alkanutta vuotta 2026 ja uutta purjehduskautta kaikille! Saara S\u00f6derberg p\u00e4\u00e4tti kautensa ILCA Finlandin puheenjohtajana syyskokouksessa joulukuussa 2025, ja samassa kokouksessa minut valittiin uudeksi puheenjohtajaksi. Haluan ensit\u00f6ikseni kiitt\u00e4\u00e4 Saaraa h\u00e4nen pitk\u00e4j\u00e4nteisest\u00e4 ja arvokkaasta ty\u00f6st\u00e4\u00e4n ILCA Finlandin hallituksessa ja puheenjohtajana. H\u00e4n j\u00e4tt\u00e4\u00e4 johdettavakseni hyvin hoidetun ja vahvassa kehitysvaiheessa olevan&hellip;&nbsp;L\u00e4s mer &raquo;ILCA FINLAND TIEDOTE 1\/2026 \u2014 Uuden puheenjohtajan tervehdys\" \/>\n<meta property=\"og:url\" content=\"https:\/\/www.ilca.fi\/sv\/ilca-finland-tiedote-1-2026-uuden-puheenjohtajan-tervehdys\/\" \/>\n<meta property=\"og:site_name\" content=\"ILCA Finland\" \/>\n<meta property=\"article:published_time\" content=\"2026-01-11T16:22:17+00:00\" \/>\n<meta property=\"article:modified_time\" content=\"2026-01-11T16:40:35+00:00\" \/>\n<meta name=\"author\" content=\"Veikka Viitala\" \/>\n<meta name=\"twitter:card\" content=\"summary_large_image\" \/>\n<meta name=\"twitter:label1\" content=\"Skriven av\" \/>\n\t<meta name=\"twitter:data1\" content=\"Veikka Viitala\" \/>\n\t<meta name=\"twitter:label2\" content=\"Ber\u00e4knad l\u00e4stid\" \/>\n\t<meta name=\"twitter:data2\" content=\"7 minuter\" \/>\n<script type=\"application\/ld+json\" class=\"yoast-schema-graph\">{\"@context\":\"https:\\\/\\\/schema.org\",\"@graph\":[{\"@type\":\"Article\",\"@id\":\"https:\\\/\\\/www.ilca.fi\\\/ilca-finland-tiedote-1-2026-uuden-puheenjohtajan-tervehdys\\\/#article\",\"isPartOf\":{\"@id\":\"https:\\\/\\\/www.ilca.fi\\\/ilca-finland-tiedote-1-2026-uuden-puheenjohtajan-tervehdys\\\/\"},\"author\":{\"name\":\"Veikka Viitala\",\"@id\":\"https:\\\/\\\/www.ilca.fi\\\/#\\\/schema\\\/person\\\/e8d30fe580cc9e204d0e042f745ff055\"},\"headline\":\"ILCA FINLAND TIEDOTE 1\\\/2026 \u2014 Uuden puheenjohtajan tervehdys\",\"datePublished\":\"2026-01-11T16:22:17+00:00\",\"dateModified\":\"2026-01-11T16:40:35+00:00\",\"mainEntityOfPage\":{\"@id\":\"https:\\\/\\\/www.ilca.fi\\\/ilca-finland-tiedote-1-2026-uuden-puheenjohtajan-tervehdys\\\/\"},\"wordCount\":1199,\"publisher\":{\"@id\":\"https:\\\/\\\/www.ilca.fi\\\/#organization\"},\"articleSection\":[\"Uncategorized\"],\"inLanguage\":\"sv-SE\"},{\"@type\":\"WebPage\",\"@id\":\"https:\\\/\\\/www.ilca.fi\\\/ilca-finland-tiedote-1-2026-uuden-puheenjohtajan-tervehdys\\\/\",\"url\":\"https:\\\/\\\/www.ilca.fi\\\/ilca-finland-tiedote-1-2026-uuden-puheenjohtajan-tervehdys\\\/\",\"name\":\"ILCA FINLAND TIEDOTE 1\\\/2026 \u2014 Uuden puheenjohtajan tervehdys - ILCA Finland\",\"isPartOf\":{\"@id\":\"https:\\\/\\\/www.ilca.fi\\\/#website\"},\"datePublished\":\"2026-01-11T16:22:17+00:00\",\"dateModified\":\"2026-01-11T16:40:35+00:00\",\"inLanguage\":\"sv-SE\",\"potentialAction\":[{\"@type\":\"ReadAction\",\"target\":[\"https:\\\/\\\/www.ilca.fi\\\/ilca-finland-tiedote-1-2026-uuden-puheenjohtajan-tervehdys\\\/\"]}]},{\"@type\":\"WebSite\",\"@id\":\"https:\\\/\\\/www.ilca.fi\\\/#website\",\"url\":\"https:\\\/\\\/www.ilca.fi\\\/\",\"name\":\"ILCA Finland\",\"description\":\"Suomen ILCA-luokkaliitto\",\"publisher\":{\"@id\":\"https:\\\/\\\/www.ilca.fi\\\/#organization\"},\"potentialAction\":[{\"@type\":\"SearchAction\",\"target\":{\"@type\":\"EntryPoint\",\"urlTemplate\":\"https:\\\/\\\/www.ilca.fi\\\/?s={search_term_string}\"},\"query-input\":{\"@type\":\"PropertyValueSpecification\",\"valueRequired\":true,\"valueName\":\"search_term_string\"}}],\"inLanguage\":\"sv-SE\"},{\"@type\":\"Organization\",\"@id\":\"https:\\\/\\\/www.ilca.fi\\\/#organization\",\"name\":\"ILCA Finland\",\"url\":\"https:\\\/\\\/www.ilca.fi\\\/\",\"logo\":{\"@type\":\"ImageObject\",\"inLanguage\":\"sv-SE\",\"@id\":\"https:\\\/\\\/www.ilca.fi\\\/#\\\/schema\\\/logo\\\/image\\\/\",\"url\":\"https:\\\/\\\/www.ilca.fi\\\/wp-content\\\/uploads\\\/2020\\\/09\\\/ILCA-350x100-1.png\",\"contentUrl\":\"https:\\\/\\\/www.ilca.fi\\\/wp-content\\\/uploads\\\/2020\\\/09\\\/ILCA-350x100-1.png\",\"width\":350,\"height\":100,\"caption\":\"ILCA Finland\"},\"image\":{\"@id\":\"https:\\\/\\\/www.ilca.fi\\\/#\\\/schema\\\/logo\\\/image\\\/\"}},{\"@type\":\"Person\",\"@id\":\"https:\\\/\\\/www.ilca.fi\\\/#\\\/schema\\\/person\\\/e8d30fe580cc9e204d0e042f745ff055\",\"name\":\"Veikka Viitala\",\"image\":{\"@type\":\"ImageObject\",\"inLanguage\":\"sv-SE\",\"@id\":\"https:\\\/\\\/secure.gravatar.com\\\/avatar\\\/c7d57ba3e154577eabc117e941f9bcb03dd65126b885d44a5ae27fb68f221969?s=96&d=mm&r=g\",\"url\":\"https:\\\/\\\/secure.gravatar.com\\\/avatar\\\/c7d57ba3e154577eabc117e941f9bcb03dd65126b885d44a5ae27fb68f221969?s=96&d=mm&r=g\",\"contentUrl\":\"https:\\\/\\\/secure.gravatar.com\\\/avatar\\\/c7d57ba3e154577eabc117e941f9bcb03dd65126b885d44a5ae27fb68f221969?s=96&d=mm&r=g\",\"caption\":\"Veikka Viitala\"},\"url\":\"https:\\\/\\\/www.ilca.fi\\\/sv\\\/author\\\/veikka-viitala\\\/\"}]}<\/script>\n<!-- \/ Yoast SEO plugin. -->","yoast_head_json":{"title":"ILCA FINLAND TIEDOTE 1\/2026 \u2014 Uuden puheenjohtajan tervehdys - ILCA Finland","robots":{"index":"index","follow":"follow","max-snippet":"max-snippet:-1","max-image-preview":"max-image-preview:large","max-video-preview":"max-video-preview:-1"},"canonical":"https:\/\/www.ilca.fi\/sv\/ilca-finland-tiedote-1-2026-uuden-puheenjohtajan-tervehdys\/","og_locale":"sv_SE","og_type":"article","og_title":"ILCA FINLAND TIEDOTE 1\/2026 \u2014 Uuden puheenjohtajan tervehdys - ILCA Finland","og_description":"ILCA Finland tiedote 1\/2026 Uuden puheenjohtajan tervehdys Hyv\u00e4\u00e4 alkanutta vuotta 2026 ja uutta purjehduskautta kaikille! Saara S\u00f6derberg p\u00e4\u00e4tti kautensa ILCA Finlandin puheenjohtajana syyskokouksessa joulukuussa 2025, ja samassa kokouksessa minut valittiin uudeksi puheenjohtajaksi. Haluan ensit\u00f6ikseni kiitt\u00e4\u00e4 Saaraa h\u00e4nen pitk\u00e4j\u00e4nteisest\u00e4 ja arvokkaasta ty\u00f6st\u00e4\u00e4n ILCA Finlandin hallituksessa ja puheenjohtajana. H\u00e4n j\u00e4tt\u00e4\u00e4 johdettavakseni hyvin hoidetun ja vahvassa kehitysvaiheessa olevan&hellip;&nbsp;L\u00e4s mer &raquo;ILCA FINLAND TIEDOTE 1\/2026 \u2014 Uuden puheenjohtajan tervehdys","og_url":"https:\/\/www.ilca.fi\/sv\/ilca-finland-tiedote-1-2026-uuden-puheenjohtajan-tervehdys\/","og_site_name":"ILCA Finland","article_published_time":"2026-01-11T16:22:17+00:00","article_modified_time":"2026-01-11T16:40:35+00:00","author":"Veikka Viitala","twitter_card":"summary_large_image","twitter_misc":{"Skriven av":"Veikka Viitala","Ber\u00e4knad l\u00e4stid":"7 minuter"},"schema":{"@context":"https:\/\/schema.org","@graph":[{"@type":"Article","@id":"https:\/\/www.ilca.fi\/ilca-finland-tiedote-1-2026-uuden-puheenjohtajan-tervehdys\/#article","isPartOf":{"@id":"https:\/\/www.ilca.fi\/ilca-finland-tiedote-1-2026-uuden-puheenjohtajan-tervehdys\/"},"author":{"name":"Veikka Viitala","@id":"https:\/\/www.ilca.fi\/#\/schema\/person\/e8d30fe580cc9e204d0e042f745ff055"},"headline":"ILCA FINLAND TIEDOTE 1\/2026 \u2014 Uuden puheenjohtajan tervehdys","datePublished":"2026-01-11T16:22:17+00:00","dateModified":"2026-01-11T16:40:35+00:00","mainEntityOfPage":{"@id":"https:\/\/www.ilca.fi\/ilca-finland-tiedote-1-2026-uuden-puheenjohtajan-tervehdys\/"},"wordCount":1199,"publisher":{"@id":"https:\/\/www.ilca.fi\/#organization"},"articleSection":["Uncategorized"],"inLanguage":"sv-SE"},{"@type":"WebPage","@id":"https:\/\/www.ilca.fi\/ilca-finland-tiedote-1-2026-uuden-puheenjohtajan-tervehdys\/","url":"https:\/\/www.ilca.fi\/ilca-finland-tiedote-1-2026-uuden-puheenjohtajan-tervehdys\/","name":"ILCA FINLAND TIEDOTE 1\/2026 \u2014 Uuden puheenjohtajan tervehdys - ILCA Finland","isPartOf":{"@id":"https:\/\/www.ilca.fi\/#website"},"datePublished":"2026-01-11T16:22:17+00:00","dateModified":"2026-01-11T16:40:35+00:00","inLanguage":"sv-SE","potentialAction":[{"@type":"ReadAction","target":["https:\/\/www.ilca.fi\/ilca-finland-tiedote-1-2026-uuden-puheenjohtajan-tervehdys\/"]}]},{"@type":"WebSite","@id":"https:\/\/www.ilca.fi\/#website","url":"https:\/\/www.ilca.fi\/","name":"ILCA Finland","description":"Finska ILCA klassf\u00f6rbundet","publisher":{"@id":"https:\/\/www.ilca.fi\/#organization"},"potentialAction":[{"@type":"SearchAction","target":{"@type":"EntryPoint","urlTemplate":"https:\/\/www.ilca.fi\/?s={search_term_string}"},"query-input":{"@type":"PropertyValueSpecification","valueRequired":true,"valueName":"search_term_string"}}],"inLanguage":"sv-SE"},{"@type":"Organization","@id":"https:\/\/www.ilca.fi\/#organization","name":"ILCA Finland","url":"https:\/\/www.ilca.fi\/","logo":{"@type":"ImageObject","inLanguage":"sv-SE","@id":"https:\/\/www.ilca.fi\/#\/schema\/logo\/image\/","url":"https:\/\/www.ilca.fi\/wp-content\/uploads\/2020\/09\/ILCA-350x100-1.png","contentUrl":"https:\/\/www.ilca.fi\/wp-content\/uploads\/2020\/09\/ILCA-350x100-1.png","width":350,"height":100,"caption":"ILCA Finland"},"image":{"@id":"https:\/\/www.ilca.fi\/#\/schema\/logo\/image\/"}},{"@type":"Person","@id":"https:\/\/www.ilca.fi\/#\/schema\/person\/e8d30fe580cc9e204d0e042f745ff055","name":"Veikka Viitala","image":{"@type":"ImageObject","inLanguage":"sv-SE","@id":"https:\/\/secure.gravatar.com\/avatar\/c7d57ba3e154577eabc117e941f9bcb03dd65126b885d44a5ae27fb68f221969?s=96&d=mm&r=g","url":"https:\/\/secure.gravatar.com\/avatar\/c7d57ba3e154577eabc117e941f9bcb03dd65126b885d44a5ae27fb68f221969?s=96&d=mm&r=g","contentUrl":"https:\/\/secure.gravatar.com\/avatar\/c7d57ba3e154577eabc117e941f9bcb03dd65126b885d44a5ae27fb68f221969?s=96&d=mm&r=g","caption":"Veikka Viitala"},"url":"https:\/\/www.ilca.fi\/sv\/author\/veikka-viitala\/"}]}},"_links":{"self":[{"href":"https:\/\/www.ilca.fi\/sv\/wp-json\/wp\/v2\/posts\/8185","targetHints":{"allow":["GET"]}}],"collection":[{"href":"https:\/\/www.ilca.fi\/sv\/wp-json\/wp\/v2\/posts"}],"about":[{"href":"https:\/\/www.ilca.fi\/sv\/wp-json\/wp\/v2\/types\/post"}],"author":[{"embeddable":true,"href":"https:\/\/www.ilca.fi\/sv\/wp-json\/wp\/v2\/users\/5"}],"replies":[{"embeddable":true,"href":"https:\/\/www.ilca.fi\/sv\/wp-json\/wp\/v2\/comments?post=8185"}],"version-history":[{"count":0,"href":"https:\/\/www.ilca.fi\/sv\/wp-json\/wp\/v2\/posts\/8185\/revisions"}],"wp:attachment":[{"href":"https:\/\/www.ilca.fi\/sv\/wp-json\/wp\/v2\/media?parent=8185"}],"wp:term":[{"taxonomy":"category","embeddable":true,"href":"https:\/\/www.ilca.fi\/sv\/wp-json\/wp\/v2\/categories?post=8185"},{"taxonomy":"post_tag","embeddable":true,"href":"https:\/\/www.ilca.fi\/sv\/wp-json\/wp\/v2\/tags?post=8185"}],"curies":[{"name":"wp","href":"https:\/\/api.w.org\/{rel}","templated":true}]}}