{"id":8112,"date":"2025-09-12T09:48:21","date_gmt":"2025-09-12T06:48:21","guid":{"rendered":"https:\/\/ilca1.wpenginepowered.com\/?p=8112"},"modified":"2025-09-12T09:48:21","modified_gmt":"2025-09-12T06:48:21","slug":"tiedote-sm-kilpailuista-ja-ranking-7","status":"publish","type":"post","link":"https:\/\/www.ilca.fi\/sv\/tiedote-sm-kilpailuista-ja-ranking-7\/","title":{"rendered":"Tiedote SM-kilpailuista ja ranking 7"},"content":{"rendered":"<p>ILCA-luokkien Suomen mestaruuskilpailuissa 6.\u20137.9.2025 purjehdittiin haastavien s\u00e4\u00e4olosuhteiden vuoksi vain kolme purjehdusta, ja ILCA-luokkien SM-s\u00e4\u00e4nt\u00f6jen edellytt\u00e4m\u00e4 nelj\u00e4n purjehduksen v\u00e4himm\u00e4ism\u00e4\u00e4r\u00e4 j\u00e4i t\u00e4ten saavuttamatta. N\u00e4in ollen SM-sijoituksia ei voi ratkaista kilpailun perusteella.<\/p>\n\n\n\n<p>ILCA Finlandin hallitus on selvitt\u00e4nyt yhdess\u00e4 SPV:n kilpapurjehdustoimikunnan ja kilpailus\u00e4\u00e4nt\u00f6lautakunnan kanssa eri vaihtoehtoja tilanteeseen ja p\u00e4\u00e4tynyt siihen, ett\u00e4 ILCA-luokkien 2025 SM-kilpailuja ei purjehdita uudelleen eik\u00e4 jatketa. SM-sijoitukset j\u00e4\u00e4v\u00e4t siis vuonna 2025 ratkaisematta ja vuoden 2024 SM-voittajat jatkavat hallitsevina Suomen mestareina seuraaviin SM-kilpailuihin saakka. Seuraavan kerran SM-sijoista kilpaillaan kaudella 2026.<\/p>\n\n\n\n<p>ILCA-luokkien rankings\u00e4\u00e4nt\u00f6jen edellytt\u00e4m\u00e4 l\u00e4ht\u00f6jen v\u00e4himm\u00e4ism\u00e4\u00e4r\u00e4 on kaksi ja t\u00e4ten 6.\u20137.9. purjehdittu kilpailu luetaan rankingsarjan osakilpailuksi. SM-sijoitusten puuttuessa rankingsarjan tuloksiin pisteet luetaan kilpailusta yksinkertaisina ja purjehtijan kilpailusta saatu pistem\u00e4\u00e4r\u00e4 voidaan j\u00e4tt\u00e4\u00e4 lukematta kokonaispisteisiin rankings\u00e4\u00e4nn\u00f6iss\u00e4 kuvatusti.<\/p>\n\n\n\n<p>Kauden 2025 viimeinen rankingkilpailu purjehditaan suunnitellusti N\u00e4sij\u00e4rven purjehdusseuralla Tampereella 20.\u201321.9. <a href=\"https:\/\/manage2sail.com\/fi-FI\/event\/ILCAR72025#!\/\" target=\"_blank\" rel=\"noreferrer noopener\">Anm\u00e4lan<\/a> kilpailuun on auki normihinalla maanantaihin 15.9. asti. Tervetuloa kisaamaan!<\/p>\n\n\n\n<p><\/p>","protected":false},"excerpt":{"rendered":"<p>ILCA-luokkien Suomen mestaruuskilpailuissa 6.\u20137.9.2025 purjehdittiin haastavien s\u00e4\u00e4olosuhteiden vuoksi vain kolme purjehdusta, ja ILCA-luokkien SM-s\u00e4\u00e4nt\u00f6jen edellytt\u00e4m\u00e4 nelj\u00e4n purjehduksen v\u00e4himm\u00e4ism\u00e4\u00e4r\u00e4 j\u00e4i t\u00e4ten saavuttamatta. N\u00e4in ollen SM-sijoituksia ei voi ratkaista kilpailun perusteella. ILCA Finlandin hallitus on selvitt\u00e4nyt yhdess\u00e4 SPV:n kilpapurjehdustoimikunnan ja kilpailus\u00e4\u00e4nt\u00f6lautakunnan kanssa eri vaihtoehtoja tilanteeseen ja p\u00e4\u00e4tynyt siihen, ett\u00e4 ILCA-luokkien 2025 SM-kilpailuja ei purjehdita uudelleen eik\u00e4 jatketa.&hellip;&nbsp;<a href=\"https:\/\/www.ilca.fi\/sv\/tiedote-sm-kilpailuista-ja-ranking-7\/\" rel=\"bookmark\">L\u00e4s mer &raquo;<span class=\"screen-reader-text\">Tiedote SM-kilpailuista ja ranking 7<\/span><\/a><\/p>","protected":false},"author":5,"featured_media":0,"comment_status":"closed","ping_status":"open","sticky":false,"template":"","format":"standard","meta":{"neve_meta_sidebar":"","neve_meta_container":"","neve_meta_enable_content_width":"","neve_meta_content_width":0,"neve_meta_title_alignment":"","neve_meta_author_avatar":"","neve_post_elements_order":"","neve_meta_disable_header":"","neve_meta_disable_footer":"","neve_meta_disable_title":"","footnotes":""},"categories":[29],"tags":[],"class_list":["post-8112","post","type-post","status-publish","format-standard","hentry","category-uncategorized-fi"],"yoast_head":"<!-- This site is optimized with the Yoast SEO plugin v27.3 - https:\/\/yoast.com\/product\/yoast-seo-wordpress\/ -->\n<title>Tiedote SM-kilpailuista ja ranking 7 - ILCA Finland<\/title>\n<meta name=\"robots\" content=\"index, follow, max-snippet:-1, max-image-preview:large, max-video-preview:-1\" \/>\n<link rel=\"canonical\" href=\"https:\/\/www.ilca.fi\/sv\/tiedote-sm-kilpailuista-ja-ranking-7\/\" \/>\n<meta property=\"og:locale\" content=\"sv_SE\" \/>\n<meta property=\"og:type\" content=\"article\" \/>\n<meta property=\"og:title\" content=\"Tiedote SM-kilpailuista ja ranking 7 - ILCA Finland\" \/>\n<meta property=\"og:description\" content=\"ILCA-luokkien Suomen mestaruuskilpailuissa 6.\u20137.9.2025 purjehdittiin haastavien s\u00e4\u00e4olosuhteiden vuoksi vain kolme purjehdusta, ja ILCA-luokkien SM-s\u00e4\u00e4nt\u00f6jen edellytt\u00e4m\u00e4 nelj\u00e4n purjehduksen v\u00e4himm\u00e4ism\u00e4\u00e4r\u00e4 j\u00e4i t\u00e4ten saavuttamatta. N\u00e4in ollen SM-sijoituksia ei voi ratkaista kilpailun perusteella. ILCA Finlandin hallitus on selvitt\u00e4nyt yhdess\u00e4 SPV:n kilpapurjehdustoimikunnan ja kilpailus\u00e4\u00e4nt\u00f6lautakunnan kanssa eri vaihtoehtoja tilanteeseen ja p\u00e4\u00e4tynyt siihen, ett\u00e4 ILCA-luokkien 2025 SM-kilpailuja ei purjehdita uudelleen eik\u00e4 jatketa.&hellip;&nbsp;L\u00e4s mer &raquo;Tiedote SM-kilpailuista ja ranking 7\" \/>\n<meta property=\"og:url\" content=\"https:\/\/www.ilca.fi\/sv\/tiedote-sm-kilpailuista-ja-ranking-7\/\" \/>\n<meta property=\"og:site_name\" content=\"ILCA Finland\" \/>\n<meta property=\"article:published_time\" content=\"2025-09-12T06:48:21+00:00\" \/>\n<meta name=\"author\" content=\"Veikka Viitala\" \/>\n<meta name=\"twitter:card\" content=\"summary_large_image\" \/>\n<meta name=\"twitter:label1\" content=\"Skriven av\" \/>\n\t<meta name=\"twitter:data1\" content=\"Veikka Viitala\" \/>\n\t<meta name=\"twitter:label2\" content=\"Ber\u00e4knad l\u00e4stid\" \/>\n\t<meta name=\"twitter:data2\" content=\"1 minut\" \/>\n<script type=\"application\/ld+json\" class=\"yoast-schema-graph\">{\"@context\":\"https:\\\/\\\/schema.org\",\"@graph\":[{\"@type\":\"Article\",\"@id\":\"https:\\\/\\\/www.ilca.fi\\\/tiedote-sm-kilpailuista-ja-ranking-7\\\/#article\",\"isPartOf\":{\"@id\":\"https:\\\/\\\/www.ilca.fi\\\/tiedote-sm-kilpailuista-ja-ranking-7\\\/\"},\"author\":{\"name\":\"Veikka Viitala\",\"@id\":\"https:\\\/\\\/www.ilca.fi\\\/#\\\/schema\\\/person\\\/e8d30fe580cc9e204d0e042f745ff055\"},\"headline\":\"Tiedote SM-kilpailuista ja ranking 7\",\"datePublished\":\"2025-09-12T06:48:21+00:00\",\"mainEntityOfPage\":{\"@id\":\"https:\\\/\\\/www.ilca.fi\\\/tiedote-sm-kilpailuista-ja-ranking-7\\\/\"},\"wordCount\":160,\"publisher\":{\"@id\":\"https:\\\/\\\/www.ilca.fi\\\/#organization\"},\"articleSection\":[\"Uncategorized\"],\"inLanguage\":\"sv-SE\"},{\"@type\":\"WebPage\",\"@id\":\"https:\\\/\\\/www.ilca.fi\\\/tiedote-sm-kilpailuista-ja-ranking-7\\\/\",\"url\":\"https:\\\/\\\/www.ilca.fi\\\/tiedote-sm-kilpailuista-ja-ranking-7\\\/\",\"name\":\"Tiedote SM-kilpailuista ja ranking 7 - ILCA Finland\",\"isPartOf\":{\"@id\":\"https:\\\/\\\/www.ilca.fi\\\/#website\"},\"datePublished\":\"2025-09-12T06:48:21+00:00\",\"inLanguage\":\"sv-SE\",\"potentialAction\":[{\"@type\":\"ReadAction\",\"target\":[\"https:\\\/\\\/www.ilca.fi\\\/tiedote-sm-kilpailuista-ja-ranking-7\\\/\"]}]},{\"@type\":\"WebSite\",\"@id\":\"https:\\\/\\\/www.ilca.fi\\\/#website\",\"url\":\"https:\\\/\\\/www.ilca.fi\\\/\",\"name\":\"ILCA Finland\",\"description\":\"Suomen ILCA-luokkaliitto\",\"publisher\":{\"@id\":\"https:\\\/\\\/www.ilca.fi\\\/#organization\"},\"potentialAction\":[{\"@type\":\"SearchAction\",\"target\":{\"@type\":\"EntryPoint\",\"urlTemplate\":\"https:\\\/\\\/www.ilca.fi\\\/?s={search_term_string}\"},\"query-input\":{\"@type\":\"PropertyValueSpecification\",\"valueRequired\":true,\"valueName\":\"search_term_string\"}}],\"inLanguage\":\"sv-SE\"},{\"@type\":\"Organization\",\"@id\":\"https:\\\/\\\/www.ilca.fi\\\/#organization\",\"name\":\"ILCA Finland\",\"url\":\"https:\\\/\\\/www.ilca.fi\\\/\",\"logo\":{\"@type\":\"ImageObject\",\"inLanguage\":\"sv-SE\",\"@id\":\"https:\\\/\\\/www.ilca.fi\\\/#\\\/schema\\\/logo\\\/image\\\/\",\"url\":\"https:\\\/\\\/www.ilca.fi\\\/wp-content\\\/uploads\\\/2020\\\/09\\\/ILCA-350x100-1.png\",\"contentUrl\":\"https:\\\/\\\/www.ilca.fi\\\/wp-content\\\/uploads\\\/2020\\\/09\\\/ILCA-350x100-1.png\",\"width\":350,\"height\":100,\"caption\":\"ILCA Finland\"},\"image\":{\"@id\":\"https:\\\/\\\/www.ilca.fi\\\/#\\\/schema\\\/logo\\\/image\\\/\"}},{\"@type\":\"Person\",\"@id\":\"https:\\\/\\\/www.ilca.fi\\\/#\\\/schema\\\/person\\\/e8d30fe580cc9e204d0e042f745ff055\",\"name\":\"Veikka Viitala\",\"image\":{\"@type\":\"ImageObject\",\"inLanguage\":\"sv-SE\",\"@id\":\"https:\\\/\\\/secure.gravatar.com\\\/avatar\\\/c7d57ba3e154577eabc117e941f9bcb03dd65126b885d44a5ae27fb68f221969?s=96&d=mm&r=g\",\"url\":\"https:\\\/\\\/secure.gravatar.com\\\/avatar\\\/c7d57ba3e154577eabc117e941f9bcb03dd65126b885d44a5ae27fb68f221969?s=96&d=mm&r=g\",\"contentUrl\":\"https:\\\/\\\/secure.gravatar.com\\\/avatar\\\/c7d57ba3e154577eabc117e941f9bcb03dd65126b885d44a5ae27fb68f221969?s=96&d=mm&r=g\",\"caption\":\"Veikka Viitala\"},\"url\":\"https:\\\/\\\/www.ilca.fi\\\/sv\\\/author\\\/veikka-viitala\\\/\"}]}<\/script>\n<!-- \/ Yoast SEO plugin. -->","yoast_head_json":{"title":"Tiedote SM-kilpailuista ja ranking 7 - ILCA Finland","robots":{"index":"index","follow":"follow","max-snippet":"max-snippet:-1","max-image-preview":"max-image-preview:large","max-video-preview":"max-video-preview:-1"},"canonical":"https:\/\/www.ilca.fi\/sv\/tiedote-sm-kilpailuista-ja-ranking-7\/","og_locale":"sv_SE","og_type":"article","og_title":"Tiedote SM-kilpailuista ja ranking 7 - ILCA Finland","og_description":"ILCA-luokkien Suomen mestaruuskilpailuissa 6.\u20137.9.2025 purjehdittiin haastavien s\u00e4\u00e4olosuhteiden vuoksi vain kolme purjehdusta, ja ILCA-luokkien SM-s\u00e4\u00e4nt\u00f6jen edellytt\u00e4m\u00e4 nelj\u00e4n purjehduksen v\u00e4himm\u00e4ism\u00e4\u00e4r\u00e4 j\u00e4i t\u00e4ten saavuttamatta. N\u00e4in ollen SM-sijoituksia ei voi ratkaista kilpailun perusteella. ILCA Finlandin hallitus on selvitt\u00e4nyt yhdess\u00e4 SPV:n kilpapurjehdustoimikunnan ja kilpailus\u00e4\u00e4nt\u00f6lautakunnan kanssa eri vaihtoehtoja tilanteeseen ja p\u00e4\u00e4tynyt siihen, ett\u00e4 ILCA-luokkien 2025 SM-kilpailuja ei purjehdita uudelleen eik\u00e4 jatketa.&hellip;&nbsp;L\u00e4s mer &raquo;Tiedote SM-kilpailuista ja ranking 7","og_url":"https:\/\/www.ilca.fi\/sv\/tiedote-sm-kilpailuista-ja-ranking-7\/","og_site_name":"ILCA Finland","article_published_time":"2025-09-12T06:48:21+00:00","author":"Veikka Viitala","twitter_card":"summary_large_image","twitter_misc":{"Skriven av":"Veikka Viitala","Ber\u00e4knad l\u00e4stid":"1 minut"},"schema":{"@context":"https:\/\/schema.org","@graph":[{"@type":"Article","@id":"https:\/\/www.ilca.fi\/tiedote-sm-kilpailuista-ja-ranking-7\/#article","isPartOf":{"@id":"https:\/\/www.ilca.fi\/tiedote-sm-kilpailuista-ja-ranking-7\/"},"author":{"name":"Veikka Viitala","@id":"https:\/\/www.ilca.fi\/#\/schema\/person\/e8d30fe580cc9e204d0e042f745ff055"},"headline":"Tiedote SM-kilpailuista ja ranking 7","datePublished":"2025-09-12T06:48:21+00:00","mainEntityOfPage":{"@id":"https:\/\/www.ilca.fi\/tiedote-sm-kilpailuista-ja-ranking-7\/"},"wordCount":160,"publisher":{"@id":"https:\/\/www.ilca.fi\/#organization"},"articleSection":["Uncategorized"],"inLanguage":"sv-SE"},{"@type":"WebPage","@id":"https:\/\/www.ilca.fi\/tiedote-sm-kilpailuista-ja-ranking-7\/","url":"https:\/\/www.ilca.fi\/tiedote-sm-kilpailuista-ja-ranking-7\/","name":"Tiedote SM-kilpailuista ja ranking 7 - ILCA Finland","isPartOf":{"@id":"https:\/\/www.ilca.fi\/#website"},"datePublished":"2025-09-12T06:48:21+00:00","inLanguage":"sv-SE","potentialAction":[{"@type":"ReadAction","target":["https:\/\/www.ilca.fi\/tiedote-sm-kilpailuista-ja-ranking-7\/"]}]},{"@type":"WebSite","@id":"https:\/\/www.ilca.fi\/#website","url":"https:\/\/www.ilca.fi\/","name":"ILCA Finland","description":"Finska ILCA klassf\u00f6rbundet","publisher":{"@id":"https:\/\/www.ilca.fi\/#organization"},"potentialAction":[{"@type":"SearchAction","target":{"@type":"EntryPoint","urlTemplate":"https:\/\/www.ilca.fi\/?s={search_term_string}"},"query-input":{"@type":"PropertyValueSpecification","valueRequired":true,"valueName":"search_term_string"}}],"inLanguage":"sv-SE"},{"@type":"Organization","@id":"https:\/\/www.ilca.fi\/#organization","name":"ILCA Finland","url":"https:\/\/www.ilca.fi\/","logo":{"@type":"ImageObject","inLanguage":"sv-SE","@id":"https:\/\/www.ilca.fi\/#\/schema\/logo\/image\/","url":"https:\/\/www.ilca.fi\/wp-content\/uploads\/2020\/09\/ILCA-350x100-1.png","contentUrl":"https:\/\/www.ilca.fi\/wp-content\/uploads\/2020\/09\/ILCA-350x100-1.png","width":350,"height":100,"caption":"ILCA Finland"},"image":{"@id":"https:\/\/www.ilca.fi\/#\/schema\/logo\/image\/"}},{"@type":"Person","@id":"https:\/\/www.ilca.fi\/#\/schema\/person\/e8d30fe580cc9e204d0e042f745ff055","name":"Veikka Viitala","image":{"@type":"ImageObject","inLanguage":"sv-SE","@id":"https:\/\/secure.gravatar.com\/avatar\/c7d57ba3e154577eabc117e941f9bcb03dd65126b885d44a5ae27fb68f221969?s=96&d=mm&r=g","url":"https:\/\/secure.gravatar.com\/avatar\/c7d57ba3e154577eabc117e941f9bcb03dd65126b885d44a5ae27fb68f221969?s=96&d=mm&r=g","contentUrl":"https:\/\/secure.gravatar.com\/avatar\/c7d57ba3e154577eabc117e941f9bcb03dd65126b885d44a5ae27fb68f221969?s=96&d=mm&r=g","caption":"Veikka Viitala"},"url":"https:\/\/www.ilca.fi\/sv\/author\/veikka-viitala\/"}]}},"_links":{"self":[{"href":"https:\/\/www.ilca.fi\/sv\/wp-json\/wp\/v2\/posts\/8112","targetHints":{"allow":["GET"]}}],"collection":[{"href":"https:\/\/www.ilca.fi\/sv\/wp-json\/wp\/v2\/posts"}],"about":[{"href":"https:\/\/www.ilca.fi\/sv\/wp-json\/wp\/v2\/types\/post"}],"author":[{"embeddable":true,"href":"https:\/\/www.ilca.fi\/sv\/wp-json\/wp\/v2\/users\/5"}],"replies":[{"embeddable":true,"href":"https:\/\/www.ilca.fi\/sv\/wp-json\/wp\/v2\/comments?post=8112"}],"version-history":[{"count":0,"href":"https:\/\/www.ilca.fi\/sv\/wp-json\/wp\/v2\/posts\/8112\/revisions"}],"wp:attachment":[{"href":"https:\/\/www.ilca.fi\/sv\/wp-json\/wp\/v2\/media?parent=8112"}],"wp:term":[{"taxonomy":"category","embeddable":true,"href":"https:\/\/www.ilca.fi\/sv\/wp-json\/wp\/v2\/categories?post=8112"},{"taxonomy":"post_tag","embeddable":true,"href":"https:\/\/www.ilca.fi\/sv\/wp-json\/wp\/v2\/tags?post=8112"}],"curies":[{"name":"wp","href":"https:\/\/api.w.org\/{rel}","templated":true}]}}