{"id":8105,"date":"2025-09-05T18:15:19","date_gmt":"2025-09-05T15:15:19","guid":{"rendered":"https:\/\/ilca1.wpenginepowered.com\/?p=8105"},"modified":"2025-09-05T18:15:20","modified_gmt":"2025-09-05T15:15:20","slug":"ilca-finland-ry-jasentiedote-2025-3","status":"publish","type":"post","link":"https:\/\/www.ilca.fi\/sv\/ilca-finland-ry-jasentiedote-2025-3\/","title":{"rendered":"ILCA Finland ry | J\u00e4sentiedote 2025\/3\u00a0\u00a0\u00a0\u00a0\u00a0\u00a0\u00a0\u00a0\u00a0\u00a0\u00a0\u00a0\u00a0\u00a0\u00a0\u00a0\u00a0\u00a0\u00a0\u00a0\u00a0\u00a0\u00a0\u00a0\u00a0\u00a0\u00a0\u00a0\u00a0\u00a0\u00a0\u00a0\u00a0\u00a0\u00a0\u00a0\u00a0\u00a0\u00a0\u00a0\u00a0\u00a0\u00a0\u00a0\u00a0\u00a0\u00a0\u00a0\u00a0"},"content":{"rendered":"<p>Aurinkoista syksyn alkua! On ollut upea todistaa j\u00e4senist\u00f6mme innokasta osallistumista kauden kisoihin ja tapahtumiin \u2013 viikonlopun SM-kilpailuihin on osallistumassa 80 purjehtijaa! Hyv\u00e4 kaikki me!<\/p>\n\n\n\n<p><strong>Muista ilmoittautua ILCA EM Team Race -joukkueeseen!<\/strong><\/p>\n\n\n\n<p>EurILCA j\u00e4rjest\u00e4\u00e4 ILCA4 Team Race EM-kilpailun, johon p\u00e4\u00e4see mukaan 16 joukkuetta. <a href=\"https:\/\/www.ilca.fi\/sv\/2025-ilca4-team-racing-em-3-7-12-2025-ateena-kreikka\/\">https:\/\/www.ilca.fi\/2025-ilca4-team-racing-em-3-7-12-2025-ateena-kreikka\/<\/a><\/p>\n\n\n\n<p>Suomelle on varattu yksi paikka kilpailuihin. Joukkue koostuu nelj\u00e4st\u00e4 purjehtijasta (kaksi poikaa ja kaksi tytt\u00f6\u00e4) sek\u00e4 valmentajasta\/tukihenkil\u00f6st\u00e4. Joukkue tulee nimet\u00e4 syyskuun loppuun menness\u00e4 ILCA Finland toimesta. Hae paikkaa joukkueesta ilmoittautumalla leirille!<\/p>\n\n\n\n<p>ILCA Finland j\u00e4rjest\u00e4\u00e4 ILCA4 Team Race -leirin 13.\u201314.9.2025 Espoon Pursiseuralla.&nbsp;Ilmoittautuminen leirille <a href=\"https:\/\/www.ilca.fi\/sv\/toiminta\/#ilmoittaudu\">https:\/\/www.ilca.fi\/toiminta\/#ilmoittaudu<\/a><\/p>\n\n\n\n<p>ILCA Finland hallitus on ilmoittanut hakevansa valmentajaa ko. kisaan osallistuvalle joukkueelle. Vapaamuotoiset hakemukset palkkatoiveineen voi toimittaa <a href=\"mailto:pu***********@**ca.fi\" data-original-string=\"UfM1JVwmND2BDNzn6xYq9w==e5cIbNUIx3RUO48rJjWHVmv905HYsrdev61iMKA0ORegcA=\" title=\"This contact has been encoded by Anti-Spam by CleanTalk. Click to decode. To finish the decoding make sure that JavaScript is enabled in your browser.\"><span \n                data-original-string='OFo13hbY85ODPl\/5ICoY2g==e5cyKab0zdQjw\/CRJQtdM8GTG7tSxJTXk2giIa62Pu4piI='\n                class='apbct-email-encoder'\n                title='This contact has been encoded by Anti-Spam by CleanTalk. Click to decode. To finish the decoding make sure that JavaScript is enabled in your browser.'>pu<span class=\"apbct-blur\">***********<\/span>@<span class=\"apbct-blur\">**<\/span>ca.fi<\/span><\/a>. Lis\u00e4tietoja <a href=\"mailto:ki*******@**ca.fi\" data-original-string=\"\/ZFLwfKvcNf309AfrVIfaw==e5c995SRdcMfTagRoItPMxSKMBX8MXtq+RLtN5vrMufR8c=\" title=\"This contact has been encoded by Anti-Spam by CleanTalk. Click to decode. To finish the decoding make sure that JavaScript is enabled in your browser.\"><span \n                data-original-string='8XXG6rAwruv2aX398XaeTg==e5cU\/dAZvXD2xG8s4AEc1JKkHn3RtUmUTQOR67unE4SyfM='\n                class='apbct-email-encoder'\n                title='This contact has been encoded by Anti-Spam by CleanTalk. Click to decode. To finish the decoding make sure that JavaScript is enabled in your browser.'>ki<span class=\"apbct-blur\">*******<\/span>@<span class=\"apbct-blur\">**<\/span>ca.fi<\/span><\/a><\/p>\n\n\n\n<p><strong>Ranking-sarja jatkuu viikonlopun SM-kilpailuilla<\/strong><\/p>\n\n\n\n<p>ILCA4, 6 ja 7 luokkien ranking-sarjaan on t\u00e4n\u00e4 vuonna osallistunut jo l\u00e4hes 100 purjehtijaa. &nbsp;Viikonloppuna EMK:n ja EPS:n yhteisty\u00f6ss\u00e4 j\u00e4rjest\u00e4m\u00e4t SM-kilpailut ajetaan 80 purjehtijan voimin.<\/p>\n\n\n\n<p>ILCA4-luokan k\u00e4rjess\u00e4 kahteen viimeiseen kilpailuun l\u00e4htee Oskari Jefimoff (6 pistett\u00e4), Niilo Salmela (14), Samuel Savolainen (19) ja Jaakko Evakoski (19). Kaikki v\u00e4litulokset katsottavissa:<\/p>\n\n\n\n<p><a href=\"https:\/\/www.ilca.fi\/wp-content\/uploads\/2025\/08\/ILCA-ranking-2025_17082025_julk_ILCA4.htm\">ILCA4 ranking v\u00e4litulokset<\/a><\/p>\n\n\n\n<p>ILCA6-luokan johdossa viiden kilpailun j\u00e4lkeen on Oskar Kovalainen (12), Oliver Haag (18) ja Vilho Mykk\u00e4nen (27). Sarjassa on kilpaillut t\u00e4h\u00e4n menness\u00e4 32 purjehtijaa.<\/p>\n\n\n\n<p><a href=\"https:\/\/www.ilca.fi\/wp-content\/uploads\/2025\/08\/ILCA-ranking-2025_17082025_julk_ILCA6yl.htm\">ILCA6 ranking v\u00e4litulokset<\/a> &nbsp;<\/p>\n\n\n\n<p>ILCA7 rankingsarjaan jo osallistunut t\u00e4h\u00e4n menness\u00e4 12 purjehtijaa, ja kolme osakilpailua on t\u00e4ytt\u00e4nyt rankingsarjan kriteerist\u00f6n. Johdossa kauden kahteen viimeiseen kilpailuun l\u00e4htee Atte Virtanen (5), ja takaa-ajoasemista Tatu Uusitalo (7) ja Aaro Rantanen (8 pistett\u00e4).<\/p>\n\n\n\n<p><a href=\"https:\/\/www.ilca.fi\/wp-content\/uploads\/2025\/08\/ILCA-ranking-2025_17082025_julk_ILCA7yl.htm\">ILCA7 ranking v\u00e4litulokset<\/a><\/p>\n\n\n\n<p>Rankingsarja p\u00e4\u00e4ttyy Tampereella ajettavaan regattaan 20.-27.9. Palkinnot vuoden 2025 rankingsarjassa menestyjille jaetaan liiton syyskokouksen yhteydess\u00e4.<\/p>\n\n\n\n<p>Muistutuksena kaikille ILCA-purjehtijoille, ett\u00e4 rankingsarja toimii karsinta- ja rankingperusteena my\u00f6s vuoden 2026 kansainv\u00e4lisiin nuorten arvokisoihin, joiden ranking tulee luokkaliiton tehd\u00e4 ennen vuoden 2026 ensimm\u00e4isen rankingosakilpailun tuloksia. Rankingtuloksen saaminen edellytt\u00e4\u00e4 aina ILCA Finland liiton ko. vuoden j\u00e4senmaksun suorittamista ajoissa.<\/p>\n\n\n\n<p><strong>Suosittu luentosarja saa jatkoa<\/strong><\/p>\n\n\n\n<p>Suursuosion saavuttanut luentosarjamme jatkuu syksyll\u00e4 ravinto- ja fysiikkaosioilla. Luento j\u00e4rjestet\u00e4\u00e4n yhteisty\u00f6ss\u00e4 lokakuussa 2025 Urhean kanssa ja toivotamme tervetulleiksi niin urheilijat kuin heid\u00e4n tukijoukkonsa! Lis\u00e4tietoa ajankohdasta, muista j\u00e4rjestelyist\u00e4 sek\u00e4 ilmoittautuminen my\u00f6hemmin syyskuussa. Seuraa nettisivujen uutisia <a href=\"http:\/\/www.ilca.fi\/sv\/\">www.ilca.fi<\/a>&nbsp;<\/p>\n\n\n\n<p>Vuodenvaihteen j\u00e4lkeen helmikuun alkupuolella j\u00e4rjest\u00e4mme luennon kaikille t\u00e4rkeist\u00e4 purjehduss\u00e4\u00e4nn\u00f6ist\u00e4.<\/p>\n\n\n\n<p><strong>Nauvossa kisattiin elokuussa Mastersien PM-kilpailut<\/strong><\/p>\n\n\n\n<p>Nauvossa kilpailtiin t\u00e4n\u00e4 vuonna Pohjoismaiden mestaruuksista ILCA6 ja ILCA7 kokonaiskilpailuissa perinteisten Suomen ILCA Masters luokkamestaruuksien ja Euroopan&nbsp;ILCA Masters -rankingsarjan&nbsp;osakilpailun lis\u00e4ksi. Pohjoismaiden kesken on sovittu, ett\u00e4 PM-kilpailut j\u00e4rjestet\u00e4\u00e4n vuosittain niin ett\u00e4 j\u00e4rjestelyvastuu kiert\u00e4\u00e4 eri maiden v\u00e4lill\u00e4, ja Suomi sai kunniakkaan ensimm\u00e4isen j\u00e4rjestelyvuoron! Huhu kertoo, ett\u00e4 menestyksekk\u00e4\u00e4sti j\u00e4rjestetty, 65 purjehtijan voimin kisattu regatta saattaa saada jatkoa Suomessa jo ensi vuonna. Hienoa Nauvo!<\/p>\n\n\n\n<p><strong>Muista j\u00e4senmaksu!<\/strong><\/p>\n\n\n\n<p>Hoidathan j\u00e4senmaksusi 35 euroa liiton tilille Nordea FI82 1309 3000 0511 77. J\u00e4senmaksu oikeuttaa osallistumaan kauden ranking-sarjaan, kilpailemaan SM-titteleist\u00e4 ja osallistumaan kansainv\u00e4lisiin arvokisoihin sek\u00e4 j\u00e4senille suunnattuun ohjelmaan. J\u00e4senmaksu tulee olla suoritettuna ennen kilpailun alkamista.<\/p>\n\n\n\n<p>Oletko jo asioinut uudistetuilla nettisivuillamme? K\u00e4y kurkkaamassa www.ilca.fi. Nyt kun myyntisivustomme toimii j\u00e4lleen, k\u00e4yp\u00e4 luomassa ilmoitus myyt\u00e4vist\u00e4 tai ostettavista purjehdusvarusteista!<\/p>\n\n\n\n<p>Terveisin,<br>Styrelse<\/p>","protected":false},"excerpt":{"rendered":"<p>Aurinkoista syksyn alkua! On ollut upea todistaa j\u00e4senist\u00f6mme innokasta osallistumista kauden kisoihin ja tapahtumiin \u2013 viikonlopun SM-kilpailuihin on osallistumassa 80 purjehtijaa! Hyv\u00e4 kaikki me! Muista ilmoittautua ILCA EM Team Race -joukkueeseen! EurILCA j\u00e4rjest\u00e4\u00e4 ILCA4 Team Race EM-kilpailun, johon p\u00e4\u00e4see mukaan 16 joukkuetta. https:\/\/www.ilca.fi\/2025-ilca4-team-racing-em-3-7-12-2025-ateena-kreikka\/ Suomelle on varattu yksi paikka kilpailuihin. Joukkue koostuu nelj\u00e4st\u00e4 purjehtijasta (kaksi poikaa&hellip;&nbsp;<a href=\"https:\/\/www.ilca.fi\/sv\/ilca-finland-ry-jasentiedote-2025-3\/\" rel=\"bookmark\">L\u00e4s mer &raquo;<span class=\"screen-reader-text\">ILCA Finland ry | J\u00e4sentiedote 2025\/3\u00a0\u00a0\u00a0\u00a0\u00a0\u00a0\u00a0\u00a0\u00a0\u00a0\u00a0\u00a0\u00a0\u00a0\u00a0\u00a0\u00a0\u00a0\u00a0\u00a0\u00a0\u00a0\u00a0\u00a0\u00a0\u00a0\u00a0\u00a0\u00a0\u00a0\u00a0\u00a0\u00a0\u00a0\u00a0\u00a0\u00a0\u00a0\u00a0\u00a0\u00a0\u00a0\u00a0\u00a0\u00a0\u00a0\u00a0\u00a0\u00a0<\/span><\/a><\/p>","protected":false},"author":27,"featured_media":0,"comment_status":"closed","ping_status":"open","sticky":false,"template":"","format":"standard","meta":{"neve_meta_sidebar":"","neve_meta_container":"","neve_meta_enable_content_width":"","neve_meta_content_width":0,"neve_meta_title_alignment":"","neve_meta_author_avatar":"","neve_post_elements_order":"","neve_meta_disable_header":"","neve_meta_disable_footer":"","neve_meta_disable_title":"","footnotes":""},"categories":[29],"tags":[],"class_list":["post-8105","post","type-post","status-publish","format-standard","hentry","category-uncategorized-fi"],"yoast_head":"<!-- This site is optimized with the Yoast SEO plugin v27.3 - https:\/\/yoast.com\/product\/yoast-seo-wordpress\/ -->\n<title>ILCA Finland ry | J\u00e4sentiedote 2025\/3\u00a0\u00a0\u00a0\u00a0\u00a0\u00a0\u00a0\u00a0\u00a0\u00a0\u00a0\u00a0\u00a0\u00a0\u00a0\u00a0\u00a0\u00a0\u00a0\u00a0\u00a0\u00a0\u00a0\u00a0\u00a0\u00a0\u00a0\u00a0\u00a0\u00a0\u00a0\u00a0\u00a0\u00a0\u00a0\u00a0\u00a0\u00a0\u00a0\u00a0\u00a0\u00a0\u00a0\u00a0\u00a0\u00a0\u00a0\u00a0\u00a0 - ILCA Finland<\/title>\n<meta name=\"robots\" content=\"index, follow, max-snippet:-1, max-image-preview:large, max-video-preview:-1\" \/>\n<link rel=\"canonical\" href=\"https:\/\/www.ilca.fi\/sv\/ilca-finland-ry-jasentiedote-2025-3\/\" \/>\n<meta property=\"og:locale\" content=\"sv_SE\" \/>\n<meta property=\"og:type\" content=\"article\" \/>\n<meta property=\"og:title\" content=\"ILCA Finland ry | J\u00e4sentiedote 2025\/3\u00a0\u00a0\u00a0\u00a0\u00a0\u00a0\u00a0\u00a0\u00a0\u00a0\u00a0\u00a0\u00a0\u00a0\u00a0\u00a0\u00a0\u00a0\u00a0\u00a0\u00a0\u00a0\u00a0\u00a0\u00a0\u00a0\u00a0\u00a0\u00a0\u00a0\u00a0\u00a0\u00a0\u00a0\u00a0\u00a0\u00a0\u00a0\u00a0\u00a0\u00a0\u00a0\u00a0\u00a0\u00a0\u00a0\u00a0\u00a0\u00a0 - ILCA Finland\" \/>\n<meta property=\"og:description\" content=\"Aurinkoista syksyn alkua! On ollut upea todistaa j\u00e4senist\u00f6mme innokasta osallistumista kauden kisoihin ja tapahtumiin \u2013 viikonlopun SM-kilpailuihin on osallistumassa 80 purjehtijaa! Hyv\u00e4 kaikki me! Muista ilmoittautua ILCA EM Team Race -joukkueeseen! EurILCA j\u00e4rjest\u00e4\u00e4 ILCA4 Team Race EM-kilpailun, johon p\u00e4\u00e4see mukaan 16 joukkuetta. https:\/\/www.ilca.fi\/2025-ilca4-team-racing-em-3-7-12-2025-ateena-kreikka\/ Suomelle on varattu yksi paikka kilpailuihin. Joukkue koostuu nelj\u00e4st\u00e4 purjehtijasta (kaksi poikaa&hellip;&nbsp;L\u00e4s mer &raquo;ILCA Finland ry | J\u00e4sentiedote 2025\/3\u00a0\u00a0\u00a0\u00a0\u00a0\u00a0\u00a0\u00a0\u00a0\u00a0\u00a0\u00a0\u00a0\u00a0\u00a0\u00a0\u00a0\u00a0\u00a0\u00a0\u00a0\u00a0\u00a0\u00a0\u00a0\u00a0\u00a0\u00a0\u00a0\u00a0\u00a0\u00a0\u00a0\u00a0\u00a0\u00a0\u00a0\u00a0\u00a0\u00a0\u00a0\u00a0\u00a0\u00a0\u00a0\u00a0\u00a0\u00a0\u00a0\" \/>\n<meta property=\"og:url\" content=\"https:\/\/www.ilca.fi\/sv\/ilca-finland-ry-jasentiedote-2025-3\/\" \/>\n<meta property=\"og:site_name\" content=\"ILCA Finland\" \/>\n<meta property=\"article:published_time\" content=\"2025-09-05T15:15:19+00:00\" \/>\n<meta property=\"article:modified_time\" content=\"2025-09-05T15:15:20+00:00\" \/>\n<meta name=\"author\" content=\"Jarno-Evakoski\" \/>\n<meta name=\"twitter:card\" content=\"summary_large_image\" \/>\n<meta name=\"twitter:label1\" content=\"Skriven av\" \/>\n\t<meta name=\"twitter:data1\" content=\"Jarno-Evakoski\" \/>\n\t<meta name=\"twitter:label2\" content=\"Ber\u00e4knad l\u00e4stid\" \/>\n\t<meta name=\"twitter:data2\" content=\"3 minuter\" \/>\n<script type=\"application\/ld+json\" class=\"yoast-schema-graph\">{\"@context\":\"https:\\\/\\\/schema.org\",\"@graph\":[{\"@type\":\"Article\",\"@id\":\"https:\\\/\\\/www.ilca.fi\\\/ilca-finland-ry-jasentiedote-2025-3\\\/#article\",\"isPartOf\":{\"@id\":\"https:\\\/\\\/www.ilca.fi\\\/ilca-finland-ry-jasentiedote-2025-3\\\/\"},\"author\":{\"name\":\"Jarno-Evakoski\",\"@id\":\"https:\\\/\\\/www.ilca.fi\\\/#\\\/schema\\\/person\\\/ed72cb5d509d1b397c336bb6eec26bd0\"},\"headline\":\"ILCA Finland ry | J\u00e4sentiedote 2025\\\/3\u00a0\u00a0\u00a0\u00a0\u00a0\u00a0\u00a0\u00a0\u00a0\u00a0\u00a0\u00a0\u00a0\u00a0\u00a0\u00a0\u00a0\u00a0\u00a0\u00a0\u00a0\u00a0\u00a0\u00a0\u00a0\u00a0\u00a0\u00a0\u00a0\u00a0\u00a0\u00a0\u00a0\u00a0\u00a0\u00a0\u00a0\u00a0\u00a0\u00a0\u00a0\u00a0\u00a0\u00a0\u00a0\u00a0\u00a0\u00a0\u00a0\",\"datePublished\":\"2025-09-05T15:15:19+00:00\",\"dateModified\":\"2025-09-05T15:15:20+00:00\",\"mainEntityOfPage\":{\"@id\":\"https:\\\/\\\/www.ilca.fi\\\/ilca-finland-ry-jasentiedote-2025-3\\\/\"},\"wordCount\":526,\"publisher\":{\"@id\":\"https:\\\/\\\/www.ilca.fi\\\/#organization\"},\"articleSection\":[\"Uncategorized\"],\"inLanguage\":\"sv-SE\"},{\"@type\":\"WebPage\",\"@id\":\"https:\\\/\\\/www.ilca.fi\\\/ilca-finland-ry-jasentiedote-2025-3\\\/\",\"url\":\"https:\\\/\\\/www.ilca.fi\\\/ilca-finland-ry-jasentiedote-2025-3\\\/\",\"name\":\"ILCA Finland ry | J\u00e4sentiedote 2025\\\/3\u00a0\u00a0\u00a0\u00a0\u00a0\u00a0\u00a0\u00a0\u00a0\u00a0\u00a0\u00a0\u00a0\u00a0\u00a0\u00a0\u00a0\u00a0\u00a0\u00a0\u00a0\u00a0\u00a0\u00a0\u00a0\u00a0\u00a0\u00a0\u00a0\u00a0\u00a0\u00a0\u00a0\u00a0\u00a0\u00a0\u00a0\u00a0\u00a0\u00a0\u00a0\u00a0\u00a0\u00a0\u00a0\u00a0\u00a0\u00a0\u00a0 - ILCA Finland\",\"isPartOf\":{\"@id\":\"https:\\\/\\\/www.ilca.fi\\\/#website\"},\"datePublished\":\"2025-09-05T15:15:19+00:00\",\"dateModified\":\"2025-09-05T15:15:20+00:00\",\"inLanguage\":\"sv-SE\",\"potentialAction\":[{\"@type\":\"ReadAction\",\"target\":[\"https:\\\/\\\/www.ilca.fi\\\/ilca-finland-ry-jasentiedote-2025-3\\\/\"]}]},{\"@type\":\"WebSite\",\"@id\":\"https:\\\/\\\/www.ilca.fi\\\/#website\",\"url\":\"https:\\\/\\\/www.ilca.fi\\\/\",\"name\":\"ILCA Finland\",\"description\":\"Suomen ILCA-luokkaliitto\",\"publisher\":{\"@id\":\"https:\\\/\\\/www.ilca.fi\\\/#organization\"},\"potentialAction\":[{\"@type\":\"SearchAction\",\"target\":{\"@type\":\"EntryPoint\",\"urlTemplate\":\"https:\\\/\\\/www.ilca.fi\\\/?s={search_term_string}\"},\"query-input\":{\"@type\":\"PropertyValueSpecification\",\"valueRequired\":true,\"valueName\":\"search_term_string\"}}],\"inLanguage\":\"sv-SE\"},{\"@type\":\"Organization\",\"@id\":\"https:\\\/\\\/www.ilca.fi\\\/#organization\",\"name\":\"ILCA Finland\",\"url\":\"https:\\\/\\\/www.ilca.fi\\\/\",\"logo\":{\"@type\":\"ImageObject\",\"inLanguage\":\"sv-SE\",\"@id\":\"https:\\\/\\\/www.ilca.fi\\\/#\\\/schema\\\/logo\\\/image\\\/\",\"url\":\"https:\\\/\\\/www.ilca.fi\\\/wp-content\\\/uploads\\\/2020\\\/09\\\/ILCA-350x100-1.png\",\"contentUrl\":\"https:\\\/\\\/www.ilca.fi\\\/wp-content\\\/uploads\\\/2020\\\/09\\\/ILCA-350x100-1.png\",\"width\":350,\"height\":100,\"caption\":\"ILCA Finland\"},\"image\":{\"@id\":\"https:\\\/\\\/www.ilca.fi\\\/#\\\/schema\\\/logo\\\/image\\\/\"}},{\"@type\":\"Person\",\"@id\":\"https:\\\/\\\/www.ilca.fi\\\/#\\\/schema\\\/person\\\/ed72cb5d509d1b397c336bb6eec26bd0\",\"name\":\"Jarno-Evakoski\",\"image\":{\"@type\":\"ImageObject\",\"inLanguage\":\"sv-SE\",\"@id\":\"https:\\\/\\\/secure.gravatar.com\\\/avatar\\\/10e3223b23160760ac8e9062984623a6e9517094a3793d96cf1470f7797da709?s=96&d=mm&r=g\",\"url\":\"https:\\\/\\\/secure.gravatar.com\\\/avatar\\\/10e3223b23160760ac8e9062984623a6e9517094a3793d96cf1470f7797da709?s=96&d=mm&r=g\",\"contentUrl\":\"https:\\\/\\\/secure.gravatar.com\\\/avatar\\\/10e3223b23160760ac8e9062984623a6e9517094a3793d96cf1470f7797da709?s=96&d=mm&r=g\",\"caption\":\"Jarno-Evakoski\"},\"url\":\"https:\\\/\\\/www.ilca.fi\\\/sv\\\/author\\\/jarno-evakoski\\\/\"}]}<\/script>\n<!-- \/ Yoast SEO plugin. -->","yoast_head_json":{"title":"ILCA Finland ry | J\u00e4sentiedote 2025\/3\u00a0\u00a0\u00a0\u00a0\u00a0\u00a0\u00a0\u00a0\u00a0\u00a0\u00a0\u00a0\u00a0\u00a0\u00a0\u00a0\u00a0\u00a0\u00a0\u00a0\u00a0\u00a0\u00a0\u00a0\u00a0\u00a0\u00a0\u00a0\u00a0\u00a0\u00a0\u00a0\u00a0\u00a0\u00a0\u00a0\u00a0\u00a0\u00a0\u00a0\u00a0\u00a0\u00a0\u00a0\u00a0\u00a0\u00a0\u00a0\u00a0 - ILCA Finland","robots":{"index":"index","follow":"follow","max-snippet":"max-snippet:-1","max-image-preview":"max-image-preview:large","max-video-preview":"max-video-preview:-1"},"canonical":"https:\/\/www.ilca.fi\/sv\/ilca-finland-ry-jasentiedote-2025-3\/","og_locale":"sv_SE","og_type":"article","og_title":"ILCA Finland ry | J\u00e4sentiedote 2025\/3\u00a0\u00a0\u00a0\u00a0\u00a0\u00a0\u00a0\u00a0\u00a0\u00a0\u00a0\u00a0\u00a0\u00a0\u00a0\u00a0\u00a0\u00a0\u00a0\u00a0\u00a0\u00a0\u00a0\u00a0\u00a0\u00a0\u00a0\u00a0\u00a0\u00a0\u00a0\u00a0\u00a0\u00a0\u00a0\u00a0\u00a0\u00a0\u00a0\u00a0\u00a0\u00a0\u00a0\u00a0\u00a0\u00a0\u00a0\u00a0\u00a0 - ILCA Finland","og_description":"Aurinkoista syksyn alkua! On ollut upea todistaa j\u00e4senist\u00f6mme innokasta osallistumista kauden kisoihin ja tapahtumiin \u2013 viikonlopun SM-kilpailuihin on osallistumassa 80 purjehtijaa! Hyv\u00e4 kaikki me! Muista ilmoittautua ILCA EM Team Race -joukkueeseen! EurILCA j\u00e4rjest\u00e4\u00e4 ILCA4 Team Race EM-kilpailun, johon p\u00e4\u00e4see mukaan 16 joukkuetta. https:\/\/www.ilca.fi\/2025-ilca4-team-racing-em-3-7-12-2025-ateena-kreikka\/ Suomelle on varattu yksi paikka kilpailuihin. Joukkue koostuu nelj\u00e4st\u00e4 purjehtijasta (kaksi poikaa&hellip;&nbsp;L\u00e4s mer &raquo;ILCA Finland ry | J\u00e4sentiedote 2025\/3\u00a0\u00a0\u00a0\u00a0\u00a0\u00a0\u00a0\u00a0\u00a0\u00a0\u00a0\u00a0\u00a0\u00a0\u00a0\u00a0\u00a0\u00a0\u00a0\u00a0\u00a0\u00a0\u00a0\u00a0\u00a0\u00a0\u00a0\u00a0\u00a0\u00a0\u00a0\u00a0\u00a0\u00a0\u00a0\u00a0\u00a0\u00a0\u00a0\u00a0\u00a0\u00a0\u00a0\u00a0\u00a0\u00a0\u00a0\u00a0\u00a0","og_url":"https:\/\/www.ilca.fi\/sv\/ilca-finland-ry-jasentiedote-2025-3\/","og_site_name":"ILCA Finland","article_published_time":"2025-09-05T15:15:19+00:00","article_modified_time":"2025-09-05T15:15:20+00:00","author":"Jarno-Evakoski","twitter_card":"summary_large_image","twitter_misc":{"Skriven av":"Jarno-Evakoski","Ber\u00e4knad l\u00e4stid":"3 minuter"},"schema":{"@context":"https:\/\/schema.org","@graph":[{"@type":"Article","@id":"https:\/\/www.ilca.fi\/ilca-finland-ry-jasentiedote-2025-3\/#article","isPartOf":{"@id":"https:\/\/www.ilca.fi\/ilca-finland-ry-jasentiedote-2025-3\/"},"author":{"name":"Jarno-Evakoski","@id":"https:\/\/www.ilca.fi\/#\/schema\/person\/ed72cb5d509d1b397c336bb6eec26bd0"},"headline":"ILCA Finland ry | J\u00e4sentiedote 2025\/3\u00a0\u00a0\u00a0\u00a0\u00a0\u00a0\u00a0\u00a0\u00a0\u00a0\u00a0\u00a0\u00a0\u00a0\u00a0\u00a0\u00a0\u00a0\u00a0\u00a0\u00a0\u00a0\u00a0\u00a0\u00a0\u00a0\u00a0\u00a0\u00a0\u00a0\u00a0\u00a0\u00a0\u00a0\u00a0\u00a0\u00a0\u00a0\u00a0\u00a0\u00a0\u00a0\u00a0\u00a0\u00a0\u00a0\u00a0\u00a0\u00a0","datePublished":"2025-09-05T15:15:19+00:00","dateModified":"2025-09-05T15:15:20+00:00","mainEntityOfPage":{"@id":"https:\/\/www.ilca.fi\/ilca-finland-ry-jasentiedote-2025-3\/"},"wordCount":526,"publisher":{"@id":"https:\/\/www.ilca.fi\/#organization"},"articleSection":["Uncategorized"],"inLanguage":"sv-SE"},{"@type":"WebPage","@id":"https:\/\/www.ilca.fi\/ilca-finland-ry-jasentiedote-2025-3\/","url":"https:\/\/www.ilca.fi\/ilca-finland-ry-jasentiedote-2025-3\/","name":"ILCA Finland ry | J\u00e4sentiedote 2025\/3\u00a0\u00a0\u00a0\u00a0\u00a0\u00a0\u00a0\u00a0\u00a0\u00a0\u00a0\u00a0\u00a0\u00a0\u00a0\u00a0\u00a0\u00a0\u00a0\u00a0\u00a0\u00a0\u00a0\u00a0\u00a0\u00a0\u00a0\u00a0\u00a0\u00a0\u00a0\u00a0\u00a0\u00a0\u00a0\u00a0\u00a0\u00a0\u00a0\u00a0\u00a0\u00a0\u00a0\u00a0\u00a0\u00a0\u00a0\u00a0\u00a0 - ILCA Finland","isPartOf":{"@id":"https:\/\/www.ilca.fi\/#website"},"datePublished":"2025-09-05T15:15:19+00:00","dateModified":"2025-09-05T15:15:20+00:00","inLanguage":"sv-SE","potentialAction":[{"@type":"ReadAction","target":["https:\/\/www.ilca.fi\/ilca-finland-ry-jasentiedote-2025-3\/"]}]},{"@type":"WebSite","@id":"https:\/\/www.ilca.fi\/#website","url":"https:\/\/www.ilca.fi\/","name":"ILCA Finland","description":"Finska ILCA klassf\u00f6rbundet","publisher":{"@id":"https:\/\/www.ilca.fi\/#organization"},"potentialAction":[{"@type":"SearchAction","target":{"@type":"EntryPoint","urlTemplate":"https:\/\/www.ilca.fi\/?s={search_term_string}"},"query-input":{"@type":"PropertyValueSpecification","valueRequired":true,"valueName":"search_term_string"}}],"inLanguage":"sv-SE"},{"@type":"Organization","@id":"https:\/\/www.ilca.fi\/#organization","name":"ILCA Finland","url":"https:\/\/www.ilca.fi\/","logo":{"@type":"ImageObject","inLanguage":"sv-SE","@id":"https:\/\/www.ilca.fi\/#\/schema\/logo\/image\/","url":"https:\/\/www.ilca.fi\/wp-content\/uploads\/2020\/09\/ILCA-350x100-1.png","contentUrl":"https:\/\/www.ilca.fi\/wp-content\/uploads\/2020\/09\/ILCA-350x100-1.png","width":350,"height":100,"caption":"ILCA Finland"},"image":{"@id":"https:\/\/www.ilca.fi\/#\/schema\/logo\/image\/"}},{"@type":"Person","@id":"https:\/\/www.ilca.fi\/#\/schema\/person\/ed72cb5d509d1b397c336bb6eec26bd0","name":"Jarno-Evakoski","image":{"@type":"ImageObject","inLanguage":"sv-SE","@id":"https:\/\/secure.gravatar.com\/avatar\/10e3223b23160760ac8e9062984623a6e9517094a3793d96cf1470f7797da709?s=96&d=mm&r=g","url":"https:\/\/secure.gravatar.com\/avatar\/10e3223b23160760ac8e9062984623a6e9517094a3793d96cf1470f7797da709?s=96&d=mm&r=g","contentUrl":"https:\/\/secure.gravatar.com\/avatar\/10e3223b23160760ac8e9062984623a6e9517094a3793d96cf1470f7797da709?s=96&d=mm&r=g","caption":"Jarno-Evakoski"},"url":"https:\/\/www.ilca.fi\/sv\/author\/jarno-evakoski\/"}]}},"_links":{"self":[{"href":"https:\/\/www.ilca.fi\/sv\/wp-json\/wp\/v2\/posts\/8105","targetHints":{"allow":["GET"]}}],"collection":[{"href":"https:\/\/www.ilca.fi\/sv\/wp-json\/wp\/v2\/posts"}],"about":[{"href":"https:\/\/www.ilca.fi\/sv\/wp-json\/wp\/v2\/types\/post"}],"author":[{"embeddable":true,"href":"https:\/\/www.ilca.fi\/sv\/wp-json\/wp\/v2\/users\/27"}],"replies":[{"embeddable":true,"href":"https:\/\/www.ilca.fi\/sv\/wp-json\/wp\/v2\/comments?post=8105"}],"version-history":[{"count":0,"href":"https:\/\/www.ilca.fi\/sv\/wp-json\/wp\/v2\/posts\/8105\/revisions"}],"wp:attachment":[{"href":"https:\/\/www.ilca.fi\/sv\/wp-json\/wp\/v2\/media?parent=8105"}],"wp:term":[{"taxonomy":"category","embeddable":true,"href":"https:\/\/www.ilca.fi\/sv\/wp-json\/wp\/v2\/categories?post=8105"},{"taxonomy":"post_tag","embeddable":true,"href":"https:\/\/www.ilca.fi\/sv\/wp-json\/wp\/v2\/tags?post=8105"}],"curies":[{"name":"wp","href":"https:\/\/api.w.org\/{rel}","templated":true}]}}