{"id":8027,"date":"2025-08-08T07:23:27","date_gmt":"2025-08-08T04:23:27","guid":{"rendered":"https:\/\/ilca1.wpenginepowered.com\/?p=8027"},"modified":"2025-08-08T10:09:35","modified_gmt":"2025-08-08T07:09:35","slug":"tervetuloa-sm-leirille-epslle-30-31-8","status":"publish","type":"post","link":"https:\/\/www.ilca.fi\/sv\/tervetuloa-sm-leirille-epslle-30-31-8\/","title":{"rendered":"Tervetuloa SM-leirille EPS:lle 30.\u201331.8."},"content":{"rendered":"<p>Tervetuloa ILCA Finlandin SM-leirille!<\/p>\n\n\n\n<p>Leiri on avoin kaikille ILCA Finlandin j\u00e4senille ja soveltuu kaikille ILCA-rikeille.<\/p>\n\n\n\n<p>Leiri j\u00e4rjestet\u00e4\u00e4n EPS:ll\u00e4 Espoon Nuottaniemess\u00e4 30.\u201331.8. klo 10.00\u201316.00 (10.00 veneet valmiina, normaalit vaatteet p\u00e4\u00e4ll\u00e4)<br>Ilmoittaudu leirille alla olevan painikkeen takaa aukeavan lomakkeen kautta.<\/p>\n\n\n\n<p style=\"text-align: center\"><a class=\"linkkinappi tayslevea\" href=\"https:\/\/www.ilca.fi\/sv\/toiminta\/#ilmoittaudu\">Ilmoittaudu leirille<\/a><\/p>\n\n\n\n<p>Leirin hinta on 40 \u20ac, ja se on maksettava ILCA Finland ry:n tilille FI82 1309 3000 0511 77 ennen leiri\u00e4. Kirjoita maksun viestikentt\u00e4\u00e4n \u201dLeirimaksu\u201d ja leirille osallistuvan purjehtijan nimi. My\u00f6s yhdistyksen j\u00e4senmaksu (35 \u20ac) on oltava maksettuna ennen leiri\u00e4. Sen voi maksaa samalla suorituksella leirimaksun kanssa, jolloin maksun viestikentt\u00e4\u00e4n kirjoitetaan \u201dJ\u00e4sen- ja leirimaksu\u201d sek\u00e4 leirille osallistuvan purjehtijan nimi.<\/p>\n\n\n\n<p>Valmentajina leirill\u00e4 toimivat ILCA-7 maajoukkue purjehtijat Nooa Laukkanen ja Aleksi Tapper sek\u00e4 Veikka Viitala. SM-leirin teemana on SM-kisa-alueeseen tutustuminen, prestart sek\u00e4 starttitekniikat. Nooa, Aleksi ja Veikka antavat vinkkej\u00e4 niin prestart, l\u00e4ht\u00f6 ja siit\u00e4 aukeavan taktiikan saloihin.<\/p>\n\n\n\n<p>L\u00e4gret best\u00e5r av diskussioner, vattentr\u00e4ning och \u00e5terkoppling.<\/p>\n\n\n\n<p>Muuta:<br>Omat ev\u00e4\u00e4t, vesipullo ja taukotakki mukaan. Sy\u00f6mme ennen vesillel\u00e4ht\u00f6\u00e4 ja heti rantaanpaluun j\u00e4lkeen. Veneet saa j\u00e4tt\u00e4\u00e4 EPS:lle leirin j\u00e4lkeen SM-kisoja varten.<\/p>","protected":false},"excerpt":{"rendered":"<p>Tervetuloa ILCA Finlandin SM-leirille! Leiri on avoin kaikille ILCA Finlandin j\u00e4senille ja soveltuu kaikille ILCA-rikeille. Leiri j\u00e4rjestet\u00e4\u00e4n EPS:ll\u00e4 Espoon Nuottaniemess\u00e4 30.\u201331.8. klo 10.00\u201316.00 (10.00 veneet valmiina, normaalit vaatteet p\u00e4\u00e4ll\u00e4)Ilmoittaudu leirille alla olevan painikkeen takaa aukeavan lomakkeen kautta. Ilmoittaudu leirille Leirin hinta on 40 \u20ac, ja se on maksettava ILCA Finland ry:n tilille FI82 1309 3000&hellip;&nbsp;<a href=\"https:\/\/www.ilca.fi\/sv\/tervetuloa-sm-leirille-epslle-30-31-8\/\" rel=\"bookmark\">L\u00e4s mer &raquo;<span class=\"screen-reader-text\">Tervetuloa SM-leirille EPS:lle 30.\u201331.8.<\/span><\/a><\/p>","protected":false},"author":5,"featured_media":0,"comment_status":"closed","ping_status":"open","sticky":false,"template":"","format":"standard","meta":{"neve_meta_sidebar":"","neve_meta_container":"","neve_meta_enable_content_width":"","neve_meta_content_width":0,"neve_meta_title_alignment":"","neve_meta_author_avatar":"","neve_post_elements_order":"","neve_meta_disable_header":"","neve_meta_disable_footer":"","neve_meta_disable_title":"","footnotes":""},"categories":[29],"tags":[],"class_list":["post-8027","post","type-post","status-publish","format-standard","hentry","category-uncategorized-fi"],"yoast_head":"<!-- This site is optimized with the Yoast SEO plugin v27.3 - https:\/\/yoast.com\/product\/yoast-seo-wordpress\/ -->\n<title>Tervetuloa SM-leirille EPS:lle 30.\u201331.8. - ILCA Finland<\/title>\n<meta name=\"robots\" content=\"index, follow, max-snippet:-1, max-image-preview:large, max-video-preview:-1\" \/>\n<link rel=\"canonical\" href=\"https:\/\/www.ilca.fi\/sv\/tervetuloa-sm-leirille-epslle-30-31-8\/\" \/>\n<meta property=\"og:locale\" content=\"sv_SE\" \/>\n<meta property=\"og:type\" content=\"article\" \/>\n<meta property=\"og:title\" content=\"Tervetuloa SM-leirille EPS:lle 30.\u201331.8. - ILCA Finland\" \/>\n<meta property=\"og:description\" content=\"Tervetuloa ILCA Finlandin SM-leirille! Leiri on avoin kaikille ILCA Finlandin j\u00e4senille ja soveltuu kaikille ILCA-rikeille. Leiri j\u00e4rjestet\u00e4\u00e4n EPS:ll\u00e4 Espoon Nuottaniemess\u00e4 30.\u201331.8. klo 10.00\u201316.00 (10.00 veneet valmiina, normaalit vaatteet p\u00e4\u00e4ll\u00e4)Ilmoittaudu leirille alla olevan painikkeen takaa aukeavan lomakkeen kautta. Ilmoittaudu leirille Leirin hinta on 40 \u20ac, ja se on maksettava ILCA Finland ry:n tilille FI82 1309 3000&hellip;&nbsp;L\u00e4s mer &raquo;Tervetuloa SM-leirille EPS:lle 30.\u201331.8.\" \/>\n<meta property=\"og:url\" content=\"https:\/\/www.ilca.fi\/sv\/tervetuloa-sm-leirille-epslle-30-31-8\/\" \/>\n<meta property=\"og:site_name\" content=\"ILCA Finland\" \/>\n<meta property=\"article:published_time\" content=\"2025-08-08T04:23:27+00:00\" \/>\n<meta property=\"article:modified_time\" content=\"2025-08-08T07:09:35+00:00\" \/>\n<meta name=\"author\" content=\"Veikka Viitala\" \/>\n<meta name=\"twitter:card\" content=\"summary_large_image\" \/>\n<meta name=\"twitter:label1\" content=\"Skriven av\" \/>\n\t<meta name=\"twitter:data1\" content=\"Veikka Viitala\" \/>\n\t<meta name=\"twitter:label2\" content=\"Ber\u00e4knad l\u00e4stid\" \/>\n\t<meta name=\"twitter:data2\" content=\"2 minuter\" \/>\n<script type=\"application\/ld+json\" class=\"yoast-schema-graph\">{\"@context\":\"https:\\\/\\\/schema.org\",\"@graph\":[{\"@type\":\"Article\",\"@id\":\"https:\\\/\\\/www.ilca.fi\\\/tervetuloa-sm-leirille-epslle-30-31-8\\\/#article\",\"isPartOf\":{\"@id\":\"https:\\\/\\\/www.ilca.fi\\\/tervetuloa-sm-leirille-epslle-30-31-8\\\/\"},\"author\":{\"name\":\"Veikka Viitala\",\"@id\":\"https:\\\/\\\/www.ilca.fi\\\/#\\\/schema\\\/person\\\/e8d30fe580cc9e204d0e042f745ff055\"},\"headline\":\"Tervetuloa SM-leirille EPS:lle 30.\u201331.8.\",\"datePublished\":\"2025-08-08T04:23:27+00:00\",\"dateModified\":\"2025-08-08T07:09:35+00:00\",\"mainEntityOfPage\":{\"@id\":\"https:\\\/\\\/www.ilca.fi\\\/tervetuloa-sm-leirille-epslle-30-31-8\\\/\"},\"wordCount\":174,\"publisher\":{\"@id\":\"https:\\\/\\\/www.ilca.fi\\\/#organization\"},\"articleSection\":[\"Uncategorized\"],\"inLanguage\":\"sv-SE\"},{\"@type\":\"WebPage\",\"@id\":\"https:\\\/\\\/www.ilca.fi\\\/tervetuloa-sm-leirille-epslle-30-31-8\\\/\",\"url\":\"https:\\\/\\\/www.ilca.fi\\\/tervetuloa-sm-leirille-epslle-30-31-8\\\/\",\"name\":\"Tervetuloa SM-leirille EPS:lle 30.\u201331.8. - ILCA Finland\",\"isPartOf\":{\"@id\":\"https:\\\/\\\/www.ilca.fi\\\/#website\"},\"datePublished\":\"2025-08-08T04:23:27+00:00\",\"dateModified\":\"2025-08-08T07:09:35+00:00\",\"inLanguage\":\"sv-SE\",\"potentialAction\":[{\"@type\":\"ReadAction\",\"target\":[\"https:\\\/\\\/www.ilca.fi\\\/tervetuloa-sm-leirille-epslle-30-31-8\\\/\"]}]},{\"@type\":\"WebSite\",\"@id\":\"https:\\\/\\\/www.ilca.fi\\\/#website\",\"url\":\"https:\\\/\\\/www.ilca.fi\\\/\",\"name\":\"ILCA Finland\",\"description\":\"Suomen ILCA-luokkaliitto\",\"publisher\":{\"@id\":\"https:\\\/\\\/www.ilca.fi\\\/#organization\"},\"potentialAction\":[{\"@type\":\"SearchAction\",\"target\":{\"@type\":\"EntryPoint\",\"urlTemplate\":\"https:\\\/\\\/www.ilca.fi\\\/?s={search_term_string}\"},\"query-input\":{\"@type\":\"PropertyValueSpecification\",\"valueRequired\":true,\"valueName\":\"search_term_string\"}}],\"inLanguage\":\"sv-SE\"},{\"@type\":\"Organization\",\"@id\":\"https:\\\/\\\/www.ilca.fi\\\/#organization\",\"name\":\"ILCA Finland\",\"url\":\"https:\\\/\\\/www.ilca.fi\\\/\",\"logo\":{\"@type\":\"ImageObject\",\"inLanguage\":\"sv-SE\",\"@id\":\"https:\\\/\\\/www.ilca.fi\\\/#\\\/schema\\\/logo\\\/image\\\/\",\"url\":\"https:\\\/\\\/www.ilca.fi\\\/wp-content\\\/uploads\\\/2020\\\/09\\\/ILCA-350x100-1.png\",\"contentUrl\":\"https:\\\/\\\/www.ilca.fi\\\/wp-content\\\/uploads\\\/2020\\\/09\\\/ILCA-350x100-1.png\",\"width\":350,\"height\":100,\"caption\":\"ILCA Finland\"},\"image\":{\"@id\":\"https:\\\/\\\/www.ilca.fi\\\/#\\\/schema\\\/logo\\\/image\\\/\"}},{\"@type\":\"Person\",\"@id\":\"https:\\\/\\\/www.ilca.fi\\\/#\\\/schema\\\/person\\\/e8d30fe580cc9e204d0e042f745ff055\",\"name\":\"Veikka Viitala\",\"image\":{\"@type\":\"ImageObject\",\"inLanguage\":\"sv-SE\",\"@id\":\"https:\\\/\\\/secure.gravatar.com\\\/avatar\\\/c7d57ba3e154577eabc117e941f9bcb03dd65126b885d44a5ae27fb68f221969?s=96&d=mm&r=g\",\"url\":\"https:\\\/\\\/secure.gravatar.com\\\/avatar\\\/c7d57ba3e154577eabc117e941f9bcb03dd65126b885d44a5ae27fb68f221969?s=96&d=mm&r=g\",\"contentUrl\":\"https:\\\/\\\/secure.gravatar.com\\\/avatar\\\/c7d57ba3e154577eabc117e941f9bcb03dd65126b885d44a5ae27fb68f221969?s=96&d=mm&r=g\",\"caption\":\"Veikka Viitala\"},\"url\":\"https:\\\/\\\/www.ilca.fi\\\/sv\\\/author\\\/veikka-viitala\\\/\"}]}<\/script>\n<!-- \/ Yoast SEO plugin. -->","yoast_head_json":{"title":"Tervetuloa SM-leirille EPS:lle 30.\u201331.8. - ILCA Finland","robots":{"index":"index","follow":"follow","max-snippet":"max-snippet:-1","max-image-preview":"max-image-preview:large","max-video-preview":"max-video-preview:-1"},"canonical":"https:\/\/www.ilca.fi\/sv\/tervetuloa-sm-leirille-epslle-30-31-8\/","og_locale":"sv_SE","og_type":"article","og_title":"Tervetuloa SM-leirille EPS:lle 30.\u201331.8. - ILCA Finland","og_description":"Tervetuloa ILCA Finlandin SM-leirille! Leiri on avoin kaikille ILCA Finlandin j\u00e4senille ja soveltuu kaikille ILCA-rikeille. Leiri j\u00e4rjestet\u00e4\u00e4n EPS:ll\u00e4 Espoon Nuottaniemess\u00e4 30.\u201331.8. klo 10.00\u201316.00 (10.00 veneet valmiina, normaalit vaatteet p\u00e4\u00e4ll\u00e4)Ilmoittaudu leirille alla olevan painikkeen takaa aukeavan lomakkeen kautta. Ilmoittaudu leirille Leirin hinta on 40 \u20ac, ja se on maksettava ILCA Finland ry:n tilille FI82 1309 3000&hellip;&nbsp;L\u00e4s mer &raquo;Tervetuloa SM-leirille EPS:lle 30.\u201331.8.","og_url":"https:\/\/www.ilca.fi\/sv\/tervetuloa-sm-leirille-epslle-30-31-8\/","og_site_name":"ILCA Finland","article_published_time":"2025-08-08T04:23:27+00:00","article_modified_time":"2025-08-08T07:09:35+00:00","author":"Veikka Viitala","twitter_card":"summary_large_image","twitter_misc":{"Skriven av":"Veikka Viitala","Ber\u00e4knad l\u00e4stid":"2 minuter"},"schema":{"@context":"https:\/\/schema.org","@graph":[{"@type":"Article","@id":"https:\/\/www.ilca.fi\/tervetuloa-sm-leirille-epslle-30-31-8\/#article","isPartOf":{"@id":"https:\/\/www.ilca.fi\/tervetuloa-sm-leirille-epslle-30-31-8\/"},"author":{"name":"Veikka Viitala","@id":"https:\/\/www.ilca.fi\/#\/schema\/person\/e8d30fe580cc9e204d0e042f745ff055"},"headline":"Tervetuloa SM-leirille EPS:lle 30.\u201331.8.","datePublished":"2025-08-08T04:23:27+00:00","dateModified":"2025-08-08T07:09:35+00:00","mainEntityOfPage":{"@id":"https:\/\/www.ilca.fi\/tervetuloa-sm-leirille-epslle-30-31-8\/"},"wordCount":174,"publisher":{"@id":"https:\/\/www.ilca.fi\/#organization"},"articleSection":["Uncategorized"],"inLanguage":"sv-SE"},{"@type":"WebPage","@id":"https:\/\/www.ilca.fi\/tervetuloa-sm-leirille-epslle-30-31-8\/","url":"https:\/\/www.ilca.fi\/tervetuloa-sm-leirille-epslle-30-31-8\/","name":"Tervetuloa SM-leirille EPS:lle 30.\u201331.8. - ILCA Finland","isPartOf":{"@id":"https:\/\/www.ilca.fi\/#website"},"datePublished":"2025-08-08T04:23:27+00:00","dateModified":"2025-08-08T07:09:35+00:00","inLanguage":"sv-SE","potentialAction":[{"@type":"ReadAction","target":["https:\/\/www.ilca.fi\/tervetuloa-sm-leirille-epslle-30-31-8\/"]}]},{"@type":"WebSite","@id":"https:\/\/www.ilca.fi\/#website","url":"https:\/\/www.ilca.fi\/","name":"ILCA Finland","description":"Finska ILCA klassf\u00f6rbundet","publisher":{"@id":"https:\/\/www.ilca.fi\/#organization"},"potentialAction":[{"@type":"SearchAction","target":{"@type":"EntryPoint","urlTemplate":"https:\/\/www.ilca.fi\/?s={search_term_string}"},"query-input":{"@type":"PropertyValueSpecification","valueRequired":true,"valueName":"search_term_string"}}],"inLanguage":"sv-SE"},{"@type":"Organization","@id":"https:\/\/www.ilca.fi\/#organization","name":"ILCA Finland","url":"https:\/\/www.ilca.fi\/","logo":{"@type":"ImageObject","inLanguage":"sv-SE","@id":"https:\/\/www.ilca.fi\/#\/schema\/logo\/image\/","url":"https:\/\/www.ilca.fi\/wp-content\/uploads\/2020\/09\/ILCA-350x100-1.png","contentUrl":"https:\/\/www.ilca.fi\/wp-content\/uploads\/2020\/09\/ILCA-350x100-1.png","width":350,"height":100,"caption":"ILCA Finland"},"image":{"@id":"https:\/\/www.ilca.fi\/#\/schema\/logo\/image\/"}},{"@type":"Person","@id":"https:\/\/www.ilca.fi\/#\/schema\/person\/e8d30fe580cc9e204d0e042f745ff055","name":"Veikka Viitala","image":{"@type":"ImageObject","inLanguage":"sv-SE","@id":"https:\/\/secure.gravatar.com\/avatar\/c7d57ba3e154577eabc117e941f9bcb03dd65126b885d44a5ae27fb68f221969?s=96&d=mm&r=g","url":"https:\/\/secure.gravatar.com\/avatar\/c7d57ba3e154577eabc117e941f9bcb03dd65126b885d44a5ae27fb68f221969?s=96&d=mm&r=g","contentUrl":"https:\/\/secure.gravatar.com\/avatar\/c7d57ba3e154577eabc117e941f9bcb03dd65126b885d44a5ae27fb68f221969?s=96&d=mm&r=g","caption":"Veikka Viitala"},"url":"https:\/\/www.ilca.fi\/sv\/author\/veikka-viitala\/"}]}},"_links":{"self":[{"href":"https:\/\/www.ilca.fi\/sv\/wp-json\/wp\/v2\/posts\/8027","targetHints":{"allow":["GET"]}}],"collection":[{"href":"https:\/\/www.ilca.fi\/sv\/wp-json\/wp\/v2\/posts"}],"about":[{"href":"https:\/\/www.ilca.fi\/sv\/wp-json\/wp\/v2\/types\/post"}],"author":[{"embeddable":true,"href":"https:\/\/www.ilca.fi\/sv\/wp-json\/wp\/v2\/users\/5"}],"replies":[{"embeddable":true,"href":"https:\/\/www.ilca.fi\/sv\/wp-json\/wp\/v2\/comments?post=8027"}],"version-history":[{"count":0,"href":"https:\/\/www.ilca.fi\/sv\/wp-json\/wp\/v2\/posts\/8027\/revisions"}],"wp:attachment":[{"href":"https:\/\/www.ilca.fi\/sv\/wp-json\/wp\/v2\/media?parent=8027"}],"wp:term":[{"taxonomy":"category","embeddable":true,"href":"https:\/\/www.ilca.fi\/sv\/wp-json\/wp\/v2\/categories?post=8027"},{"taxonomy":"post_tag","embeddable":true,"href":"https:\/\/www.ilca.fi\/sv\/wp-json\/wp\/v2\/tags?post=8027"}],"curies":[{"name":"wp","href":"https:\/\/api.w.org\/{rel}","templated":true}]}}