{"id":535,"date":"2016-07-17T20:09:35","date_gmt":"2016-07-17T17:09:35","guid":{"rendered":"https:\/\/ilca1.wpenginepowered.com\/?p=535"},"modified":"2016-07-17T20:09:35","modified_gmt":"2016-07-17T17:09:35","slug":"laser-standard-ja-radial-sm-2016","status":"publish","type":"post","link":"https:\/\/www.ilca.fi\/sv\/laser-standard-ja-radial-sm-2016\/","title":{"rendered":"Laser Standard ja Radial SM 2016"},"content":{"rendered":"<p>Laser Standard ja Radial SM kilpailut purjehdittiin 15.-17.7. ESF:ll\u00e4. Perjantaina s\u00e4\u00e4 oli tuulinen ja sateinen, my\u00f6s ukkosta oli ilmassa. Perjantaina ajettiin ainoastaan kaksi l\u00e4ht\u00f6\u00e4 ja t\u00e4st\u00e4 syyst\u00e4 lauantaina oli ohjelmassa nelj\u00e4 l\u00e4ht\u00f6\u00e4. My\u00f6s lauantaina tuuli reippaasti, joten p\u00e4iv\u00e4 oli fyysisesti todella raskas purjehtijoille. Sunnuntaina purjehdittiin keskituulessa kolme l\u00e4ht\u00f6\u00e4 suunnitelmien mukaisesti. Laser Radialissa kamppailu Suomen mestaruudesta oli tiukka ja viimeinen l\u00e4ht\u00f6 ratkaisi kulta ja hopea mitalien kohtalon. Laser Standardissa ylivimaiseen voittoon purjehti Oskari Muhonen, mutta pronssi mitalista kamppailtiin viel\u00e4 viimeisess\u00e4 l\u00e4hd\u00f6ss\u00e4.<\/p>\n<p><a href=\"https:\/\/www.ilca.fi\/wp-content\/uploads\/2016\/07\/IMG-20160717-WA0010.jpg\"><img fetchpriority=\"high\" decoding=\"async\" class=\"alignnone wp-image-537 size-large\" src=\"https:\/\/www.ilca.fi\/wp-content\/uploads\/2016\/07\/IMG-20160717-WA0010-1024x768.jpg\" alt=\"IMG-20160717-WA0010\" width=\"640\" height=\"480\" srcset=\"https:\/\/www.ilca.fi\/wp-content\/uploads\/2016\/07\/IMG-20160717-WA0010-1024x768.jpg 1024w, https:\/\/www.ilca.fi\/wp-content\/uploads\/2016\/07\/IMG-20160717-WA0010-300x225.jpg 300w, https:\/\/www.ilca.fi\/wp-content\/uploads\/2016\/07\/IMG-20160717-WA0010-768x576.jpg 768w, https:\/\/www.ilca.fi\/wp-content\/uploads\/2016\/07\/IMG-20160717-WA0010-285x214.jpg 285w, https:\/\/www.ilca.fi\/wp-content\/uploads\/2016\/07\/IMG-20160717-WA0010.jpg 1600w\" sizes=\"(max-width: 640px) 100vw, 640px\" \/><\/a><\/p>\n<p>Standard kokonaiskilpailu: Risto Pesola TP (hopeaa), Oskari Muhonen EPS (kultaa) ja Henrik Eklund ESF (pronssia)<\/p>\n<p><a href=\"https:\/\/www.ilca.fi\/wp-content\/uploads\/2016\/07\/IMG-20160717-WA0008.jpg\"><img decoding=\"async\" class=\"alignnone wp-image-538 size-large\" src=\"https:\/\/www.ilca.fi\/wp-content\/uploads\/2016\/07\/IMG-20160717-WA0008-1024x768.jpg\" alt=\"IMG-20160717-WA0008\" width=\"640\" height=\"480\" srcset=\"https:\/\/www.ilca.fi\/wp-content\/uploads\/2016\/07\/IMG-20160717-WA0008-1024x768.jpg 1024w, https:\/\/www.ilca.fi\/wp-content\/uploads\/2016\/07\/IMG-20160717-WA0008-300x225.jpg 300w, https:\/\/www.ilca.fi\/wp-content\/uploads\/2016\/07\/IMG-20160717-WA0008-768x576.jpg 768w, https:\/\/www.ilca.fi\/wp-content\/uploads\/2016\/07\/IMG-20160717-WA0008-285x214.jpg 285w, https:\/\/www.ilca.fi\/wp-content\/uploads\/2016\/07\/IMG-20160717-WA0008.jpg 1600w\" sizes=\"(max-width: 640px) 100vw, 640px\" \/><\/a><\/p>\n<p>Laser Radial kokonaiskilpailu: Aleksi Tapper NJK (hopeaa), Monika Mikkola ESF (kultaa) ja Victor Mesterton ESF (pronssia)<\/p>\n<p><a href=\"https:\/\/www.ilca.fi\/wp-content\/uploads\/2016\/07\/IMG-20160717-WA0006.jpg\"><img decoding=\"async\" class=\"alignnone wp-image-540 size-large\" src=\"https:\/\/www.ilca.fi\/wp-content\/uploads\/2016\/07\/IMG-20160717-WA0006-1024x768.jpg\" alt=\"IMG-20160717-WA0006\" width=\"640\" height=\"480\" srcset=\"https:\/\/www.ilca.fi\/wp-content\/uploads\/2016\/07\/IMG-20160717-WA0006-1024x768.jpg 1024w, https:\/\/www.ilca.fi\/wp-content\/uploads\/2016\/07\/IMG-20160717-WA0006-300x225.jpg 300w, https:\/\/www.ilca.fi\/wp-content\/uploads\/2016\/07\/IMG-20160717-WA0006-768x576.jpg 768w, https:\/\/www.ilca.fi\/wp-content\/uploads\/2016\/07\/IMG-20160717-WA0006-285x214.jpg 285w, https:\/\/www.ilca.fi\/wp-content\/uploads\/2016\/07\/IMG-20160717-WA0006.jpg 1600w\" sizes=\"(max-width: 640px) 100vw, 640px\" \/><\/a><\/p>\n<p>Radial alle 19-vuotiaat: Victor Mesterton ESF (hopeaa), Aleksi Tapper NJK (kultaa) ja Joakim Svinhufvud HSS (pronssia)<\/p>\n<p><a href=\"https:\/\/www.ilca.fi\/wp-content\/uploads\/2016\/07\/IMG-20160717-WA0007.jpg\"><img loading=\"lazy\" decoding=\"async\" class=\"alignnone wp-image-539 size-large\" src=\"https:\/\/www.ilca.fi\/wp-content\/uploads\/2016\/07\/IMG-20160717-WA0007-1024x768.jpg\" alt=\"IMG-20160717-WA0007\" width=\"640\" height=\"480\" srcset=\"https:\/\/www.ilca.fi\/wp-content\/uploads\/2016\/07\/IMG-20160717-WA0007-1024x768.jpg 1024w, https:\/\/www.ilca.fi\/wp-content\/uploads\/2016\/07\/IMG-20160717-WA0007-300x225.jpg 300w, https:\/\/www.ilca.fi\/wp-content\/uploads\/2016\/07\/IMG-20160717-WA0007-768x576.jpg 768w, https:\/\/www.ilca.fi\/wp-content\/uploads\/2016\/07\/IMG-20160717-WA0007-285x214.jpg 285w, https:\/\/www.ilca.fi\/wp-content\/uploads\/2016\/07\/IMG-20160717-WA0007.jpg 1600w\" sizes=\"(max-width: 640px) 100vw, 640px\" \/><\/a><\/p>\n<p>Standard alle 21-vuotiaat: Risto Pesola TP (hopeaa), Oskari Muhonen EPS (kultaa) ja Vilho Aaltonen TaPS (pronssia)<\/p>\n<p><a href=\"https:\/\/www.ilca.fi\/wp-content\/uploads\/2016\/07\/IMG-20160717-WA0009.jpg\"><img loading=\"lazy\" decoding=\"async\" class=\"alignnone wp-image-536 size-large\" src=\"https:\/\/www.ilca.fi\/wp-content\/uploads\/2016\/07\/IMG-20160717-WA0009-1024x768.jpg\" alt=\"IMG-20160717-WA0009\" width=\"640\" height=\"480\" srcset=\"https:\/\/www.ilca.fi\/wp-content\/uploads\/2016\/07\/IMG-20160717-WA0009-1024x768.jpg 1024w, https:\/\/www.ilca.fi\/wp-content\/uploads\/2016\/07\/IMG-20160717-WA0009-300x225.jpg 300w, https:\/\/www.ilca.fi\/wp-content\/uploads\/2016\/07\/IMG-20160717-WA0009-768x576.jpg 768w, https:\/\/www.ilca.fi\/wp-content\/uploads\/2016\/07\/IMG-20160717-WA0009-285x214.jpg 285w, https:\/\/www.ilca.fi\/wp-content\/uploads\/2016\/07\/IMG-20160717-WA0009.jpg 1600w\" sizes=\"(max-width: 640px) 100vw, 640px\" \/><\/a><\/p>\n<p>Naisten top 3. Erica Partanen TPS (2.), Monika Mikkola ESF (1.) ja Adele Tanhuanp\u00e4\u00e4 NJK (3.)<\/p>\n<p>Tulokset:\u00a0\u00a0 <a href=\"http:\/\/esbosegelforening.fi\/images\/stories\/Kappseglingar\/2016\/Laser_Standard__Radial_FM\/Laser_FM_RAD_final.htm\">Radial<\/a>\u00a0\u00a0\u00a0\u00a0<a href=\"http:\/\/esbosegelforening.fi\/images\/stories\/Kappseglingar\/2016\/Laser_Standard__Radial_FM\/Laser_FM_STD_final.htm\"> Standard <\/a><\/p>","protected":false},"excerpt":{"rendered":"<p>Laser Standard ja Radial SM kilpailut purjehdittiin 15.-17.7. ESF:ll\u00e4. Perjantaina s\u00e4\u00e4 oli tuulinen ja sateinen, my\u00f6s ukkosta oli ilmassa. Perjantaina ajettiin ainoastaan kaksi l\u00e4ht\u00f6\u00e4 ja t\u00e4st\u00e4 syyst\u00e4 lauantaina oli ohjelmassa nelj\u00e4 l\u00e4ht\u00f6\u00e4. My\u00f6s lauantaina tuuli reippaasti, joten p\u00e4iv\u00e4 oli fyysisesti todella raskas purjehtijoille. Sunnuntaina purjehdittiin keskituulessa kolme l\u00e4ht\u00f6\u00e4 suunnitelmien mukaisesti. Laser Radialissa kamppailu Suomen mestaruudesta&hellip;&nbsp;<a href=\"https:\/\/www.ilca.fi\/sv\/laser-standard-ja-radial-sm-2016\/\" rel=\"bookmark\">L\u00e4s mer &raquo;<span class=\"screen-reader-text\">Laser Standard ja Radial SM 2016<\/span><\/a><\/p>","protected":false},"author":1,"featured_media":541,"comment_status":"closed","ping_status":"open","sticky":false,"template":"","format":"standard","meta":{"neve_meta_sidebar":"","neve_meta_container":"","neve_meta_enable_content_width":"","neve_meta_content_width":0,"neve_meta_title_alignment":"","neve_meta_author_avatar":"","neve_post_elements_order":"","neve_meta_disable_header":"","neve_meta_disable_footer":"","neve_meta_disable_title":"","footnotes":""},"categories":[1],"tags":[],"class_list":["post-535","post","type-post","status-publish","format-standard","has-post-thumbnail","hentry","category-yleinen"],"yoast_head":"<!-- This site is optimized with the Yoast SEO plugin v27.3 - https:\/\/yoast.com\/product\/yoast-seo-wordpress\/ -->\n<title>Laser Standard ja Radial SM 2016 - ILCA Finland<\/title>\n<meta name=\"robots\" content=\"index, follow, max-snippet:-1, max-image-preview:large, max-video-preview:-1\" \/>\n<link rel=\"canonical\" href=\"https:\/\/www.ilca.fi\/sv\/laser-standard-ja-radial-sm-2016\/\" \/>\n<meta property=\"og:locale\" content=\"sv_SE\" \/>\n<meta property=\"og:type\" content=\"article\" \/>\n<meta property=\"og:title\" content=\"Laser Standard ja Radial SM 2016 - ILCA Finland\" \/>\n<meta property=\"og:description\" content=\"Laser Standard ja Radial SM kilpailut purjehdittiin 15.-17.7. ESF:ll\u00e4. Perjantaina s\u00e4\u00e4 oli tuulinen ja sateinen, my\u00f6s ukkosta oli ilmassa. Perjantaina ajettiin ainoastaan kaksi l\u00e4ht\u00f6\u00e4 ja t\u00e4st\u00e4 syyst\u00e4 lauantaina oli ohjelmassa nelj\u00e4 l\u00e4ht\u00f6\u00e4. My\u00f6s lauantaina tuuli reippaasti, joten p\u00e4iv\u00e4 oli fyysisesti todella raskas purjehtijoille. Sunnuntaina purjehdittiin keskituulessa kolme l\u00e4ht\u00f6\u00e4 suunnitelmien mukaisesti. Laser Radialissa kamppailu Suomen mestaruudesta&hellip;&nbsp;L\u00e4s mer &raquo;Laser Standard ja Radial SM 2016\" \/>\n<meta property=\"og:url\" content=\"https:\/\/www.ilca.fi\/sv\/laser-standard-ja-radial-sm-2016\/\" \/>\n<meta property=\"og:site_name\" content=\"ILCA Finland\" \/>\n<meta property=\"article:published_time\" content=\"2016-07-17T17:09:35+00:00\" \/>\n<meta property=\"og:image\" content=\"https:\/\/www.ilca.fi\/wp-content\/uploads\/2016\/07\/IMG-20160717-WA0005.jpg\" \/>\n\t<meta property=\"og:image:width\" content=\"1600\" \/>\n\t<meta property=\"og:image:height\" content=\"1200\" \/>\n\t<meta property=\"og:image:type\" content=\"image\/jpeg\" \/>\n<meta name=\"author\" content=\"FLA\" \/>\n<meta name=\"twitter:card\" content=\"summary_large_image\" \/>\n<meta name=\"twitter:label1\" content=\"Skriven av\" \/>\n\t<meta name=\"twitter:data1\" content=\"FLA\" \/>\n\t<meta name=\"twitter:label2\" content=\"Ber\u00e4knad l\u00e4stid\" \/>\n\t<meta name=\"twitter:data2\" content=\"1 minut\" \/>\n<script type=\"application\/ld+json\" class=\"yoast-schema-graph\">{\"@context\":\"https:\\\/\\\/schema.org\",\"@graph\":[{\"@type\":\"Article\",\"@id\":\"https:\\\/\\\/www.ilca.fi\\\/laser-standard-ja-radial-sm-2016\\\/#article\",\"isPartOf\":{\"@id\":\"https:\\\/\\\/www.ilca.fi\\\/laser-standard-ja-radial-sm-2016\\\/\"},\"author\":{\"name\":\"FLA\",\"@id\":\"https:\\\/\\\/www.ilca.fi\\\/#\\\/schema\\\/person\\\/845fceb932728679ceadcdbf7c929446\"},\"headline\":\"Laser Standard ja Radial SM 2016\",\"datePublished\":\"2016-07-17T17:09:35+00:00\",\"mainEntityOfPage\":{\"@id\":\"https:\\\/\\\/www.ilca.fi\\\/laser-standard-ja-radial-sm-2016\\\/\"},\"wordCount\":174,\"publisher\":{\"@id\":\"https:\\\/\\\/www.ilca.fi\\\/#organization\"},\"image\":{\"@id\":\"https:\\\/\\\/www.ilca.fi\\\/laser-standard-ja-radial-sm-2016\\\/#primaryimage\"},\"thumbnailUrl\":\"https:\\\/\\\/www.ilca.fi\\\/wp-content\\\/uploads\\\/2016\\\/07\\\/IMG-20160717-WA0005.jpg\",\"articleSection\":[\"Yleinen\"],\"inLanguage\":\"sv-SE\"},{\"@type\":\"WebPage\",\"@id\":\"https:\\\/\\\/www.ilca.fi\\\/laser-standard-ja-radial-sm-2016\\\/\",\"url\":\"https:\\\/\\\/www.ilca.fi\\\/laser-standard-ja-radial-sm-2016\\\/\",\"name\":\"Laser Standard ja Radial SM 2016 - ILCA Finland\",\"isPartOf\":{\"@id\":\"https:\\\/\\\/www.ilca.fi\\\/#website\"},\"primaryImageOfPage\":{\"@id\":\"https:\\\/\\\/www.ilca.fi\\\/laser-standard-ja-radial-sm-2016\\\/#primaryimage\"},\"image\":{\"@id\":\"https:\\\/\\\/www.ilca.fi\\\/laser-standard-ja-radial-sm-2016\\\/#primaryimage\"},\"thumbnailUrl\":\"https:\\\/\\\/www.ilca.fi\\\/wp-content\\\/uploads\\\/2016\\\/07\\\/IMG-20160717-WA0005.jpg\",\"datePublished\":\"2016-07-17T17:09:35+00:00\",\"inLanguage\":\"sv-SE\",\"potentialAction\":[{\"@type\":\"ReadAction\",\"target\":[\"https:\\\/\\\/www.ilca.fi\\\/laser-standard-ja-radial-sm-2016\\\/\"]}]},{\"@type\":\"ImageObject\",\"inLanguage\":\"sv-SE\",\"@id\":\"https:\\\/\\\/www.ilca.fi\\\/laser-standard-ja-radial-sm-2016\\\/#primaryimage\",\"url\":\"https:\\\/\\\/www.ilca.fi\\\/wp-content\\\/uploads\\\/2016\\\/07\\\/IMG-20160717-WA0005.jpg\",\"contentUrl\":\"https:\\\/\\\/www.ilca.fi\\\/wp-content\\\/uploads\\\/2016\\\/07\\\/IMG-20160717-WA0005.jpg\",\"width\":1600,\"height\":1200},{\"@type\":\"WebSite\",\"@id\":\"https:\\\/\\\/www.ilca.fi\\\/#website\",\"url\":\"https:\\\/\\\/www.ilca.fi\\\/\",\"name\":\"ILCA Finland\",\"description\":\"Suomen ILCA-luokkaliitto\",\"publisher\":{\"@id\":\"https:\\\/\\\/www.ilca.fi\\\/#organization\"},\"potentialAction\":[{\"@type\":\"SearchAction\",\"target\":{\"@type\":\"EntryPoint\",\"urlTemplate\":\"https:\\\/\\\/www.ilca.fi\\\/?s={search_term_string}\"},\"query-input\":{\"@type\":\"PropertyValueSpecification\",\"valueRequired\":true,\"valueName\":\"search_term_string\"}}],\"inLanguage\":\"sv-SE\"},{\"@type\":\"Organization\",\"@id\":\"https:\\\/\\\/www.ilca.fi\\\/#organization\",\"name\":\"ILCA Finland\",\"url\":\"https:\\\/\\\/www.ilca.fi\\\/\",\"logo\":{\"@type\":\"ImageObject\",\"inLanguage\":\"sv-SE\",\"@id\":\"https:\\\/\\\/www.ilca.fi\\\/#\\\/schema\\\/logo\\\/image\\\/\",\"url\":\"https:\\\/\\\/www.ilca.fi\\\/wp-content\\\/uploads\\\/2020\\\/09\\\/ILCA-350x100-1.png\",\"contentUrl\":\"https:\\\/\\\/www.ilca.fi\\\/wp-content\\\/uploads\\\/2020\\\/09\\\/ILCA-350x100-1.png\",\"width\":350,\"height\":100,\"caption\":\"ILCA Finland\"},\"image\":{\"@id\":\"https:\\\/\\\/www.ilca.fi\\\/#\\\/schema\\\/logo\\\/image\\\/\"}},{\"@type\":\"Person\",\"@id\":\"https:\\\/\\\/www.ilca.fi\\\/#\\\/schema\\\/person\\\/845fceb932728679ceadcdbf7c929446\",\"name\":\"FLA\",\"image\":{\"@type\":\"ImageObject\",\"inLanguage\":\"sv-SE\",\"@id\":\"https:\\\/\\\/secure.gravatar.com\\\/avatar\\\/e12b468b581c18826c91416cb21872de4bfa53738df57cb7f7aee9388c815c7d?s=96&d=mm&r=g\",\"url\":\"https:\\\/\\\/secure.gravatar.com\\\/avatar\\\/e12b468b581c18826c91416cb21872de4bfa53738df57cb7f7aee9388c815c7d?s=96&d=mm&r=g\",\"contentUrl\":\"https:\\\/\\\/secure.gravatar.com\\\/avatar\\\/e12b468b581c18826c91416cb21872de4bfa53738df57cb7f7aee9388c815c7d?s=96&d=mm&r=g\",\"caption\":\"FLA\"},\"url\":\"https:\\\/\\\/www.ilca.fi\\\/sv\\\/author\\\/fla\\\/\"}]}<\/script>\n<!-- \/ Yoast SEO plugin. -->","yoast_head_json":{"title":"Laser Standard ja Radial SM 2016 - ILCA Finland","robots":{"index":"index","follow":"follow","max-snippet":"max-snippet:-1","max-image-preview":"max-image-preview:large","max-video-preview":"max-video-preview:-1"},"canonical":"https:\/\/www.ilca.fi\/sv\/laser-standard-ja-radial-sm-2016\/","og_locale":"sv_SE","og_type":"article","og_title":"Laser Standard ja Radial SM 2016 - ILCA Finland","og_description":"Laser Standard ja Radial SM kilpailut purjehdittiin 15.-17.7. ESF:ll\u00e4. Perjantaina s\u00e4\u00e4 oli tuulinen ja sateinen, my\u00f6s ukkosta oli ilmassa. Perjantaina ajettiin ainoastaan kaksi l\u00e4ht\u00f6\u00e4 ja t\u00e4st\u00e4 syyst\u00e4 lauantaina oli ohjelmassa nelj\u00e4 l\u00e4ht\u00f6\u00e4. My\u00f6s lauantaina tuuli reippaasti, joten p\u00e4iv\u00e4 oli fyysisesti todella raskas purjehtijoille. Sunnuntaina purjehdittiin keskituulessa kolme l\u00e4ht\u00f6\u00e4 suunnitelmien mukaisesti. Laser Radialissa kamppailu Suomen mestaruudesta&hellip;&nbsp;L\u00e4s mer &raquo;Laser Standard ja Radial SM 2016","og_url":"https:\/\/www.ilca.fi\/sv\/laser-standard-ja-radial-sm-2016\/","og_site_name":"ILCA Finland","article_published_time":"2016-07-17T17:09:35+00:00","og_image":[{"width":1600,"height":1200,"url":"https:\/\/www.ilca.fi\/wp-content\/uploads\/2016\/07\/IMG-20160717-WA0005.jpg","type":"image\/jpeg"}],"author":"FLA","twitter_card":"summary_large_image","twitter_misc":{"Skriven av":"FLA","Ber\u00e4knad l\u00e4stid":"1 minut"},"schema":{"@context":"https:\/\/schema.org","@graph":[{"@type":"Article","@id":"https:\/\/www.ilca.fi\/laser-standard-ja-radial-sm-2016\/#article","isPartOf":{"@id":"https:\/\/www.ilca.fi\/laser-standard-ja-radial-sm-2016\/"},"author":{"name":"FLA","@id":"https:\/\/www.ilca.fi\/#\/schema\/person\/845fceb932728679ceadcdbf7c929446"},"headline":"Laser Standard ja Radial SM 2016","datePublished":"2016-07-17T17:09:35+00:00","mainEntityOfPage":{"@id":"https:\/\/www.ilca.fi\/laser-standard-ja-radial-sm-2016\/"},"wordCount":174,"publisher":{"@id":"https:\/\/www.ilca.fi\/#organization"},"image":{"@id":"https:\/\/www.ilca.fi\/laser-standard-ja-radial-sm-2016\/#primaryimage"},"thumbnailUrl":"https:\/\/www.ilca.fi\/wp-content\/uploads\/2016\/07\/IMG-20160717-WA0005.jpg","articleSection":["Yleinen"],"inLanguage":"sv-SE"},{"@type":"WebPage","@id":"https:\/\/www.ilca.fi\/laser-standard-ja-radial-sm-2016\/","url":"https:\/\/www.ilca.fi\/laser-standard-ja-radial-sm-2016\/","name":"Laser Standard ja Radial SM 2016 - ILCA Finland","isPartOf":{"@id":"https:\/\/www.ilca.fi\/#website"},"primaryImageOfPage":{"@id":"https:\/\/www.ilca.fi\/laser-standard-ja-radial-sm-2016\/#primaryimage"},"image":{"@id":"https:\/\/www.ilca.fi\/laser-standard-ja-radial-sm-2016\/#primaryimage"},"thumbnailUrl":"https:\/\/www.ilca.fi\/wp-content\/uploads\/2016\/07\/IMG-20160717-WA0005.jpg","datePublished":"2016-07-17T17:09:35+00:00","inLanguage":"sv-SE","potentialAction":[{"@type":"ReadAction","target":["https:\/\/www.ilca.fi\/laser-standard-ja-radial-sm-2016\/"]}]},{"@type":"ImageObject","inLanguage":"sv-SE","@id":"https:\/\/www.ilca.fi\/laser-standard-ja-radial-sm-2016\/#primaryimage","url":"https:\/\/www.ilca.fi\/wp-content\/uploads\/2016\/07\/IMG-20160717-WA0005.jpg","contentUrl":"https:\/\/www.ilca.fi\/wp-content\/uploads\/2016\/07\/IMG-20160717-WA0005.jpg","width":1600,"height":1200},{"@type":"WebSite","@id":"https:\/\/www.ilca.fi\/#website","url":"https:\/\/www.ilca.fi\/","name":"ILCA Finland","description":"Finska ILCA klassf\u00f6rbundet","publisher":{"@id":"https:\/\/www.ilca.fi\/#organization"},"potentialAction":[{"@type":"SearchAction","target":{"@type":"EntryPoint","urlTemplate":"https:\/\/www.ilca.fi\/?s={search_term_string}"},"query-input":{"@type":"PropertyValueSpecification","valueRequired":true,"valueName":"search_term_string"}}],"inLanguage":"sv-SE"},{"@type":"Organization","@id":"https:\/\/www.ilca.fi\/#organization","name":"ILCA Finland","url":"https:\/\/www.ilca.fi\/","logo":{"@type":"ImageObject","inLanguage":"sv-SE","@id":"https:\/\/www.ilca.fi\/#\/schema\/logo\/image\/","url":"https:\/\/www.ilca.fi\/wp-content\/uploads\/2020\/09\/ILCA-350x100-1.png","contentUrl":"https:\/\/www.ilca.fi\/wp-content\/uploads\/2020\/09\/ILCA-350x100-1.png","width":350,"height":100,"caption":"ILCA Finland"},"image":{"@id":"https:\/\/www.ilca.fi\/#\/schema\/logo\/image\/"}},{"@type":"Person","@id":"https:\/\/www.ilca.fi\/#\/schema\/person\/845fceb932728679ceadcdbf7c929446","name":"FLA","image":{"@type":"ImageObject","inLanguage":"sv-SE","@id":"https:\/\/secure.gravatar.com\/avatar\/e12b468b581c18826c91416cb21872de4bfa53738df57cb7f7aee9388c815c7d?s=96&d=mm&r=g","url":"https:\/\/secure.gravatar.com\/avatar\/e12b468b581c18826c91416cb21872de4bfa53738df57cb7f7aee9388c815c7d?s=96&d=mm&r=g","contentUrl":"https:\/\/secure.gravatar.com\/avatar\/e12b468b581c18826c91416cb21872de4bfa53738df57cb7f7aee9388c815c7d?s=96&d=mm&r=g","caption":"FLA"},"url":"https:\/\/www.ilca.fi\/sv\/author\/fla\/"}]}},"_links":{"self":[{"href":"https:\/\/www.ilca.fi\/sv\/wp-json\/wp\/v2\/posts\/535","targetHints":{"allow":["GET"]}}],"collection":[{"href":"https:\/\/www.ilca.fi\/sv\/wp-json\/wp\/v2\/posts"}],"about":[{"href":"https:\/\/www.ilca.fi\/sv\/wp-json\/wp\/v2\/types\/post"}],"author":[{"embeddable":true,"href":"https:\/\/www.ilca.fi\/sv\/wp-json\/wp\/v2\/users\/1"}],"replies":[{"embeddable":true,"href":"https:\/\/www.ilca.fi\/sv\/wp-json\/wp\/v2\/comments?post=535"}],"version-history":[{"count":0,"href":"https:\/\/www.ilca.fi\/sv\/wp-json\/wp\/v2\/posts\/535\/revisions"}],"wp:featuredmedia":[{"embeddable":true,"href":"https:\/\/www.ilca.fi\/sv\/wp-json\/wp\/v2\/media\/541"}],"wp:attachment":[{"href":"https:\/\/www.ilca.fi\/sv\/wp-json\/wp\/v2\/media?parent=535"}],"wp:term":[{"taxonomy":"category","embeddable":true,"href":"https:\/\/www.ilca.fi\/sv\/wp-json\/wp\/v2\/categories?post=535"},{"taxonomy":"post_tag","embeddable":true,"href":"https:\/\/www.ilca.fi\/sv\/wp-json\/wp\/v2\/tags?post=535"}],"curies":[{"name":"wp","href":"https:\/\/api.w.org\/{rel}","templated":true}]}}