{"id":4281,"date":"2019-09-10T20:16:18","date_gmt":"2019-09-10T17:16:18","guid":{"rendered":"https:\/\/ilca1.wpenginepowered.com\/?p=4281"},"modified":"2019-09-10T20:16:20","modified_gmt":"2019-09-10T17:16:20","slug":"emasaloregatta-21-22-9","status":"publish","type":"post","link":"https:\/\/www.ilca.fi\/sv\/emasaloregatta-21-22-9\/","title":{"rendered":"Em\u00e4saloregatta 21-22.9"},"content":{"rendered":"<p> Veneet voivat ilmoittautua t\u00e4ytt\u00e4m\u00e4ll\u00e4 lomakkeen joka l\u00f6ytyy osoitteessa\u00a0<a rel=\"noreferrer noopener\" href=\"http:\/\/bss.fi\/ER2019\" target=\"_blank\">bss.fi\/ER2019<\/a>\u00a0(tai\u00a0<a rel=\"noreferrer noopener\" href=\"https:\/\/manage2sail.com\/fi-FI\/event\/ER2019#!\/\" target=\"_blank\">https:\/\/manage2sail.com\/fi-FI\/event\/ER2019#!\/<\/a>) sek\u00e4 maksamalla osallistumismaksun viimeist\u00e4\u00e4n maanantaina 16.9.2019 kl 24:00<\/p>\n\n\n\n<p>\u00a0 Info:<br>\u00a0RUOKAILU<br>\u00a0BSS kerhosatamassa ei ole ravintolaa. Purjehtijoille kuuluu ruoka kilpailumaksuun. Jos halutaan lis\u00e4-annoksia (vanhemmat, sisarukset, valmentajat, huoltajat\u2026) niit\u00e4 on tilattava etuk\u00e4teen l\u00e4hett\u00e4m\u00e4ll\u00e4 s\u00e4hk\u00f6postia osoitteeseen\u00a0<a rel=\"noreferrer noopener\" href=\"mailto:jo***********@****ku.com\" data-original-string=\"I3MFC0BU1E0J1yXlVJEMJQ==e5cNsDG1bgH8zF8HaH0ezrI68bKnLMvkzw1b4XpM6FrCmY=\" title=\"This contact has been encoded by Anti-Spam by CleanTalk. Click to decode. To finish the decoding make sure that JavaScript is enabled in your browser.\" target=\"_blank\"><span \n                data-original-string='l1zryC5EYybXg7PLAvApXg==e5cBiHoHX\/iRez9c5BfiOJ852wJMDPZBRxjevp58J3qu9A='\n                class='apbct-email-encoder'\n                title='This contact has been encoded by Anti-Spam by CleanTalk. Click to decode. To finish the decoding make sure that JavaScript is enabled in your browser.'>jo<span class=\"apbct-blur\">***********<\/span>@<span class=\"apbct-blur\">****<\/span>ku.com<\/span><\/a>. Montako lis\u00e4-annosta lauantaina ja montako lis\u00e4-annosta sunnuntaina.<\/p>\n\n\n\n<p>Ruokatilaukset on teht\u00e4v\u00e4 viimeist\u00e4\u00e4n maanantaina 16.9.<\/p>\n\n\n\n<p>\u00a0MAJOITUS<br>\u00a0Kokoushotelli Poukama tarjoaa rauhalliset unet ymp\u00e4ri vuoden. Voimme majoittaa 50 henkil\u00f6\u00e4 2 hengen huoneisiin ja lis\u00e4paikoilla tilaa l\u00f6ytyy yhteens\u00e4 74 henkil\u00f6lle.<\/p>\n\n\n\n<p>Toinen hotellimme Easytay tarjoaa tarvittaessa lis\u00e4\u00e4 majoituskapasiteettia.<\/p>\n\n\n\n<p>&nbsp; &nbsp; POUKAMA<br>&nbsp; &nbsp; 2 km kilpailusatamasta<br>&nbsp; &nbsp; Laituripaikkoja<br>&nbsp; &nbsp; Em\u00e4salontie 152<br>&nbsp; &nbsp; 06950 Porvoo<br>&nbsp; &nbsp; 020 733 0000<br>&nbsp; &nbsp; info(at)<a href=\"http:\/\/kokouspoukama.fi\/\" rel=\"noreferrer noopener\" target=\"_blank\">kokouspoukama.fi<\/a><br><a href=\"https:\/\/kokouspoukama.fi\/\" rel=\"noreferrer noopener\" target=\"_blank\">https:\/\/kokouspoukama.fi<\/a><br><\/p>","protected":false},"excerpt":{"rendered":"<p>Veneet voivat ilmoittautua t\u00e4ytt\u00e4m\u00e4ll\u00e4 lomakkeen joka l\u00f6ytyy osoitteessa\u00a0bss.fi\/ER2019\u00a0(tai\u00a0https:\/\/manage2sail.com\/fi-FI\/event\/ER2019#!\/) sek\u00e4 maksamalla osallistumismaksun viimeist\u00e4\u00e4n maanantaina 16.9.2019 kl 24:00 \u00a0 Info:\u00a0RUOKAILU\u00a0BSS kerhosatamassa ei ole ravintolaa. Purjehtijoille kuuluu ruoka kilpailumaksuun. Jos halutaan lis\u00e4-annoksia (vanhemmat, sisarukset, valmentajat, huoltajat\u2026) niit\u00e4 on tilattava etuk\u00e4teen l\u00e4hett\u00e4m\u00e4ll\u00e4 s\u00e4hk\u00f6postia osoitteeseen\u00a0jo***********@****ku.com. Montako lis\u00e4-annosta lauantaina ja montako lis\u00e4-annosta sunnuntaina. Ruokatilaukset on teht\u00e4v\u00e4 viimeist\u00e4\u00e4n maanantaina 16.9. \u00a0MAJOITUS\u00a0Kokoushotelli Poukama&hellip;&nbsp;<a href=\"https:\/\/www.ilca.fi\/sv\/emasaloregatta-21-22-9\/\" rel=\"bookmark\">L\u00e4s mer &raquo;<span class=\"screen-reader-text\">Em\u00e4saloregatta 21-22.9<\/span><\/a><\/p>","protected":false},"author":1,"featured_media":0,"comment_status":"closed","ping_status":"open","sticky":false,"template":"","format":"standard","meta":{"neve_meta_sidebar":"","neve_meta_container":"","neve_meta_enable_content_width":"","neve_meta_content_width":70,"neve_meta_title_alignment":"","neve_meta_author_avatar":"","neve_post_elements_order":"","neve_meta_disable_header":"","neve_meta_disable_footer":"","neve_meta_disable_title":"","footnotes":""},"categories":[1],"tags":[],"class_list":["post-4281","post","type-post","status-publish","format-standard","hentry","category-yleinen"],"yoast_head":"<!-- This site is optimized with the Yoast SEO plugin v27.3 - https:\/\/yoast.com\/product\/yoast-seo-wordpress\/ -->\n<title>Em\u00e4saloregatta 21-22.9 - ILCA Finland<\/title>\n<meta name=\"robots\" content=\"index, follow, max-snippet:-1, max-image-preview:large, max-video-preview:-1\" \/>\n<link rel=\"canonical\" href=\"https:\/\/www.ilca.fi\/sv\/emasaloregatta-21-22-9\/\" \/>\n<meta property=\"og:locale\" content=\"sv_SE\" \/>\n<meta property=\"og:type\" content=\"article\" \/>\n<meta property=\"og:title\" content=\"Em\u00e4saloregatta 21-22.9 - ILCA Finland\" \/>\n<meta property=\"og:description\" content=\"Veneet voivat ilmoittautua t\u00e4ytt\u00e4m\u00e4ll\u00e4 lomakkeen joka l\u00f6ytyy osoitteessa\u00a0bss.fi\/ER2019\u00a0(tai\u00a0https:\/\/manage2sail.com\/fi-FI\/event\/ER2019#!\/) sek\u00e4 maksamalla osallistumismaksun viimeist\u00e4\u00e4n maanantaina 16.9.2019 kl 24:00 \u00a0 Info:\u00a0RUOKAILU\u00a0BSS kerhosatamassa ei ole ravintolaa. Purjehtijoille kuuluu ruoka kilpailumaksuun. Jos halutaan lis\u00e4-annoksia (vanhemmat, sisarukset, valmentajat, huoltajat\u2026) niit\u00e4 on tilattava etuk\u00e4teen l\u00e4hett\u00e4m\u00e4ll\u00e4 s\u00e4hk\u00f6postia osoitteeseen\u00a0jo***********@****ku.com. Montako lis\u00e4-annosta lauantaina ja montako lis\u00e4-annosta sunnuntaina. Ruokatilaukset on teht\u00e4v\u00e4 viimeist\u00e4\u00e4n maanantaina 16.9. \u00a0MAJOITUS\u00a0Kokoushotelli Poukama&hellip;&nbsp;L\u00e4s mer &raquo;Em\u00e4saloregatta 21-22.9\" \/>\n<meta property=\"og:url\" content=\"https:\/\/www.ilca.fi\/sv\/emasaloregatta-21-22-9\/\" \/>\n<meta property=\"og:site_name\" content=\"ILCA Finland\" \/>\n<meta property=\"article:published_time\" content=\"2019-09-10T17:16:18+00:00\" \/>\n<meta property=\"article:modified_time\" content=\"2019-09-10T17:16:20+00:00\" \/>\n<meta name=\"author\" content=\"FLA\" \/>\n<meta name=\"twitter:card\" content=\"summary_large_image\" \/>\n<meta name=\"twitter:label1\" content=\"Skriven av\" \/>\n\t<meta name=\"twitter:data1\" content=\"FLA\" \/>\n\t<meta name=\"twitter:label2\" content=\"Ber\u00e4knad l\u00e4stid\" \/>\n\t<meta name=\"twitter:data2\" content=\"1 minut\" \/>\n<script type=\"application\/ld+json\" class=\"yoast-schema-graph\">{\"@context\":\"https:\\\/\\\/schema.org\",\"@graph\":[{\"@type\":\"Article\",\"@id\":\"https:\\\/\\\/www.ilca.fi\\\/emasaloregatta-21-22-9\\\/#article\",\"isPartOf\":{\"@id\":\"https:\\\/\\\/www.ilca.fi\\\/emasaloregatta-21-22-9\\\/\"},\"author\":{\"name\":\"FLA\",\"@id\":\"https:\\\/\\\/www.ilca.fi\\\/#\\\/schema\\\/person\\\/845fceb932728679ceadcdbf7c929446\"},\"headline\":\"Em\u00e4saloregatta 21-22.9\",\"datePublished\":\"2019-09-10T17:16:18+00:00\",\"dateModified\":\"2019-09-10T17:16:20+00:00\",\"mainEntityOfPage\":{\"@id\":\"https:\\\/\\\/www.ilca.fi\\\/emasaloregatta-21-22-9\\\/\"},\"wordCount\":143,\"publisher\":{\"@id\":\"https:\\\/\\\/www.ilca.fi\\\/#organization\"},\"articleSection\":[\"Yleinen\"],\"inLanguage\":\"sv-SE\"},{\"@type\":\"WebPage\",\"@id\":\"https:\\\/\\\/www.ilca.fi\\\/emasaloregatta-21-22-9\\\/\",\"url\":\"https:\\\/\\\/www.ilca.fi\\\/emasaloregatta-21-22-9\\\/\",\"name\":\"Em\u00e4saloregatta 21-22.9 - ILCA Finland\",\"isPartOf\":{\"@id\":\"https:\\\/\\\/www.ilca.fi\\\/#website\"},\"datePublished\":\"2019-09-10T17:16:18+00:00\",\"dateModified\":\"2019-09-10T17:16:20+00:00\",\"inLanguage\":\"sv-SE\",\"potentialAction\":[{\"@type\":\"ReadAction\",\"target\":[\"https:\\\/\\\/www.ilca.fi\\\/emasaloregatta-21-22-9\\\/\"]}]},{\"@type\":\"WebSite\",\"@id\":\"https:\\\/\\\/www.ilca.fi\\\/#website\",\"url\":\"https:\\\/\\\/www.ilca.fi\\\/\",\"name\":\"ILCA Finland\",\"description\":\"Suomen ILCA-luokkaliitto\",\"publisher\":{\"@id\":\"https:\\\/\\\/www.ilca.fi\\\/#organization\"},\"potentialAction\":[{\"@type\":\"SearchAction\",\"target\":{\"@type\":\"EntryPoint\",\"urlTemplate\":\"https:\\\/\\\/www.ilca.fi\\\/?s={search_term_string}\"},\"query-input\":{\"@type\":\"PropertyValueSpecification\",\"valueRequired\":true,\"valueName\":\"search_term_string\"}}],\"inLanguage\":\"sv-SE\"},{\"@type\":\"Organization\",\"@id\":\"https:\\\/\\\/www.ilca.fi\\\/#organization\",\"name\":\"ILCA Finland\",\"url\":\"https:\\\/\\\/www.ilca.fi\\\/\",\"logo\":{\"@type\":\"ImageObject\",\"inLanguage\":\"sv-SE\",\"@id\":\"https:\\\/\\\/www.ilca.fi\\\/#\\\/schema\\\/logo\\\/image\\\/\",\"url\":\"https:\\\/\\\/www.ilca.fi\\\/wp-content\\\/uploads\\\/2020\\\/09\\\/ILCA-350x100-1.png\",\"contentUrl\":\"https:\\\/\\\/www.ilca.fi\\\/wp-content\\\/uploads\\\/2020\\\/09\\\/ILCA-350x100-1.png\",\"width\":350,\"height\":100,\"caption\":\"ILCA Finland\"},\"image\":{\"@id\":\"https:\\\/\\\/www.ilca.fi\\\/#\\\/schema\\\/logo\\\/image\\\/\"}},{\"@type\":\"Person\",\"@id\":\"https:\\\/\\\/www.ilca.fi\\\/#\\\/schema\\\/person\\\/845fceb932728679ceadcdbf7c929446\",\"name\":\"FLA\",\"image\":{\"@type\":\"ImageObject\",\"inLanguage\":\"sv-SE\",\"@id\":\"https:\\\/\\\/secure.gravatar.com\\\/avatar\\\/e12b468b581c18826c91416cb21872de4bfa53738df57cb7f7aee9388c815c7d?s=96&d=mm&r=g\",\"url\":\"https:\\\/\\\/secure.gravatar.com\\\/avatar\\\/e12b468b581c18826c91416cb21872de4bfa53738df57cb7f7aee9388c815c7d?s=96&d=mm&r=g\",\"contentUrl\":\"https:\\\/\\\/secure.gravatar.com\\\/avatar\\\/e12b468b581c18826c91416cb21872de4bfa53738df57cb7f7aee9388c815c7d?s=96&d=mm&r=g\",\"caption\":\"FLA\"},\"url\":\"https:\\\/\\\/www.ilca.fi\\\/sv\\\/author\\\/fla\\\/\"}]}<\/script>\n<!-- \/ Yoast SEO plugin. -->","yoast_head_json":{"title":"Em\u00e4saloregatta 21-22.9 - ILCA Finland","robots":{"index":"index","follow":"follow","max-snippet":"max-snippet:-1","max-image-preview":"max-image-preview:large","max-video-preview":"max-video-preview:-1"},"canonical":"https:\/\/www.ilca.fi\/sv\/emasaloregatta-21-22-9\/","og_locale":"sv_SE","og_type":"article","og_title":"Em\u00e4saloregatta 21-22.9 - ILCA Finland","og_description":"Veneet voivat ilmoittautua t\u00e4ytt\u00e4m\u00e4ll\u00e4 lomakkeen joka l\u00f6ytyy osoitteessa\u00a0bss.fi\/ER2019\u00a0(tai\u00a0https:\/\/manage2sail.com\/fi-FI\/event\/ER2019#!\/) sek\u00e4 maksamalla osallistumismaksun viimeist\u00e4\u00e4n maanantaina 16.9.2019 kl 24:00 \u00a0 Info:\u00a0RUOKAILU\u00a0BSS kerhosatamassa ei ole ravintolaa. Purjehtijoille kuuluu ruoka kilpailumaksuun. Jos halutaan lis\u00e4-annoksia (vanhemmat, sisarukset, valmentajat, huoltajat\u2026) niit\u00e4 on tilattava etuk\u00e4teen l\u00e4hett\u00e4m\u00e4ll\u00e4 s\u00e4hk\u00f6postia osoitteeseen\u00a0jo***********@****ku.com. Montako lis\u00e4-annosta lauantaina ja montako lis\u00e4-annosta sunnuntaina. Ruokatilaukset on teht\u00e4v\u00e4 viimeist\u00e4\u00e4n maanantaina 16.9. \u00a0MAJOITUS\u00a0Kokoushotelli Poukama&hellip;&nbsp;L\u00e4s mer &raquo;Em\u00e4saloregatta 21-22.9","og_url":"https:\/\/www.ilca.fi\/sv\/emasaloregatta-21-22-9\/","og_site_name":"ILCA Finland","article_published_time":"2019-09-10T17:16:18+00:00","article_modified_time":"2019-09-10T17:16:20+00:00","author":"FLA","twitter_card":"summary_large_image","twitter_misc":{"Skriven av":"FLA","Ber\u00e4knad l\u00e4stid":"1 minut"},"schema":{"@context":"https:\/\/schema.org","@graph":[{"@type":"Article","@id":"https:\/\/www.ilca.fi\/emasaloregatta-21-22-9\/#article","isPartOf":{"@id":"https:\/\/www.ilca.fi\/emasaloregatta-21-22-9\/"},"author":{"name":"FLA","@id":"https:\/\/www.ilca.fi\/#\/schema\/person\/845fceb932728679ceadcdbf7c929446"},"headline":"Em\u00e4saloregatta 21-22.9","datePublished":"2019-09-10T17:16:18+00:00","dateModified":"2019-09-10T17:16:20+00:00","mainEntityOfPage":{"@id":"https:\/\/www.ilca.fi\/emasaloregatta-21-22-9\/"},"wordCount":143,"publisher":{"@id":"https:\/\/www.ilca.fi\/#organization"},"articleSection":["Yleinen"],"inLanguage":"sv-SE"},{"@type":"WebPage","@id":"https:\/\/www.ilca.fi\/emasaloregatta-21-22-9\/","url":"https:\/\/www.ilca.fi\/emasaloregatta-21-22-9\/","name":"Em\u00e4saloregatta 21-22.9 - ILCA Finland","isPartOf":{"@id":"https:\/\/www.ilca.fi\/#website"},"datePublished":"2019-09-10T17:16:18+00:00","dateModified":"2019-09-10T17:16:20+00:00","inLanguage":"sv-SE","potentialAction":[{"@type":"ReadAction","target":["https:\/\/www.ilca.fi\/emasaloregatta-21-22-9\/"]}]},{"@type":"WebSite","@id":"https:\/\/www.ilca.fi\/#website","url":"https:\/\/www.ilca.fi\/","name":"ILCA Finland","description":"Finska ILCA klassf\u00f6rbundet","publisher":{"@id":"https:\/\/www.ilca.fi\/#organization"},"potentialAction":[{"@type":"SearchAction","target":{"@type":"EntryPoint","urlTemplate":"https:\/\/www.ilca.fi\/?s={search_term_string}"},"query-input":{"@type":"PropertyValueSpecification","valueRequired":true,"valueName":"search_term_string"}}],"inLanguage":"sv-SE"},{"@type":"Organization","@id":"https:\/\/www.ilca.fi\/#organization","name":"ILCA Finland","url":"https:\/\/www.ilca.fi\/","logo":{"@type":"ImageObject","inLanguage":"sv-SE","@id":"https:\/\/www.ilca.fi\/#\/schema\/logo\/image\/","url":"https:\/\/www.ilca.fi\/wp-content\/uploads\/2020\/09\/ILCA-350x100-1.png","contentUrl":"https:\/\/www.ilca.fi\/wp-content\/uploads\/2020\/09\/ILCA-350x100-1.png","width":350,"height":100,"caption":"ILCA Finland"},"image":{"@id":"https:\/\/www.ilca.fi\/#\/schema\/logo\/image\/"}},{"@type":"Person","@id":"https:\/\/www.ilca.fi\/#\/schema\/person\/845fceb932728679ceadcdbf7c929446","name":"FLA","image":{"@type":"ImageObject","inLanguage":"sv-SE","@id":"https:\/\/secure.gravatar.com\/avatar\/e12b468b581c18826c91416cb21872de4bfa53738df57cb7f7aee9388c815c7d?s=96&d=mm&r=g","url":"https:\/\/secure.gravatar.com\/avatar\/e12b468b581c18826c91416cb21872de4bfa53738df57cb7f7aee9388c815c7d?s=96&d=mm&r=g","contentUrl":"https:\/\/secure.gravatar.com\/avatar\/e12b468b581c18826c91416cb21872de4bfa53738df57cb7f7aee9388c815c7d?s=96&d=mm&r=g","caption":"FLA"},"url":"https:\/\/www.ilca.fi\/sv\/author\/fla\/"}]}},"_links":{"self":[{"href":"https:\/\/www.ilca.fi\/sv\/wp-json\/wp\/v2\/posts\/4281","targetHints":{"allow":["GET"]}}],"collection":[{"href":"https:\/\/www.ilca.fi\/sv\/wp-json\/wp\/v2\/posts"}],"about":[{"href":"https:\/\/www.ilca.fi\/sv\/wp-json\/wp\/v2\/types\/post"}],"author":[{"embeddable":true,"href":"https:\/\/www.ilca.fi\/sv\/wp-json\/wp\/v2\/users\/1"}],"replies":[{"embeddable":true,"href":"https:\/\/www.ilca.fi\/sv\/wp-json\/wp\/v2\/comments?post=4281"}],"version-history":[{"count":0,"href":"https:\/\/www.ilca.fi\/sv\/wp-json\/wp\/v2\/posts\/4281\/revisions"}],"wp:attachment":[{"href":"https:\/\/www.ilca.fi\/sv\/wp-json\/wp\/v2\/media?parent=4281"}],"wp:term":[{"taxonomy":"category","embeddable":true,"href":"https:\/\/www.ilca.fi\/sv\/wp-json\/wp\/v2\/categories?post=4281"},{"taxonomy":"post_tag","embeddable":true,"href":"https:\/\/www.ilca.fi\/sv\/wp-json\/wp\/v2\/tags?post=4281"}],"curies":[{"name":"wp","href":"https:\/\/api.w.org\/{rel}","templated":true}]}}