{"id":4244,"date":"2019-07-30T15:23:06","date_gmt":"2019-07-30T12:23:06","guid":{"rendered":"https:\/\/ilca1.wpenginepowered.com\/?p=4244"},"modified":"2019-07-30T15:23:08","modified_gmt":"2019-07-30T12:23:08","slug":"laser-master-2019-purjehdittu-lampimissa-keleissa","status":"publish","type":"post","link":"https:\/\/www.ilca.fi\/sv\/laser-master-2019-purjehdittu-lampimissa-keleissa\/","title":{"rendered":"Laser Master 2019 purjehdittu l\u00e4mpimiss\u00e4 keleiss\u00e4!"},"content":{"rendered":"<p>T\u00e4m\u00e4n vuoden Masters luokkamestaruus purjehdukset vietiin l\u00e4pi perinteisesti Nauvossa, enn\u00e4tysl\u00e4mpim\u00e4ss\u00e4 s\u00e4\u00e4ss\u00e4 ja paahtavassa auringossa.<br>Lauantaina aamulla oli t\u00e4ysin tyynt\u00e4 ja p\u00e4\u00e4simme purjehtimaan vasta kahden aikaan, muutaman tunnin odottelun j\u00e4lkeen. Kaikki kolme l\u00e4ht\u00f6\u00e4 voitiin kuitenkin purjehtia loistavassa s\u00e4\u00e4ss\u00e4, mutta hyvin kevyiss\u00e4 ja vaihtelevissa tuulissa. J\u00e4rjestelyt kuitenkin toimivat, kuten aina, loistavasti kilpailup\u00e4\u00e4llikk\u00f6 Roger Nylundin ja NSS:n tiimin osaavassa ohjauksessa.<\/p>\n\n\n\n<p>Sunnuntaina sama kaava toistui ja parin tunnin odottelun j\u00e4lkeen vietiin kaikki p\u00e4iv\u00e4n kolme purjehdusta l\u00e4pi. Viimeisess\u00e4 l\u00e4hd\u00f6ss\u00e4 tuuli jopa yltyi aivan kohtalaiseksi. Kaiken kaikkiaan erinomaiset kisat j\u00e4lleen kerran!<\/p>\n\n\n\n<p><\/p>\n\n\n\n<p><a href=\"https:\/\/www.ilca.fi\/sv\/tulokset\/laser-masters-2019\/\">Tulokset<\/a><\/p>\n\n\n\n<p>Kuvat lainattu NSS:n sivuilta.<\/p>\n\n\n\n<figure class=\"wp-block-image\"><img fetchpriority=\"high\" decoding=\"async\" width=\"679\" height=\"453\" src=\"https:\/\/www.ilca.fi\/wp-content\/uploads\/2019\/07\/image-1.png\" alt=\"\" class=\"wp-image-4245\" srcset=\"https:\/\/www.ilca.fi\/wp-content\/uploads\/2019\/07\/image-1.png 679w, https:\/\/www.ilca.fi\/wp-content\/uploads\/2019\/07\/image-1-300x200.png 300w\" sizes=\"(max-width: 679px) 100vw, 679px\" \/><\/figure>\n\n\n\n<figure class=\"wp-block-image\"><img decoding=\"async\" width=\"640\" height=\"480\" src=\"https:\/\/www.ilca.fi\/wp-content\/uploads\/2019\/07\/image-1-1.png\" alt=\"\" class=\"wp-image-4246\" srcset=\"https:\/\/www.ilca.fi\/wp-content\/uploads\/2019\/07\/image-1-1.png 640w, https:\/\/www.ilca.fi\/wp-content\/uploads\/2019\/07\/image-1-1-300x225.png 300w\" sizes=\"(max-width: 640px) 100vw, 640px\" \/><\/figure>","protected":false},"excerpt":{"rendered":"<p>T\u00e4m\u00e4n vuoden Masters luokkamestaruus purjehdukset vietiin l\u00e4pi perinteisesti Nauvossa, enn\u00e4tysl\u00e4mpim\u00e4ss\u00e4 s\u00e4\u00e4ss\u00e4 ja paahtavassa auringossa.Lauantaina aamulla oli t\u00e4ysin tyynt\u00e4 ja p\u00e4\u00e4simme purjehtimaan vasta kahden aikaan, muutaman tunnin odottelun j\u00e4lkeen. Kaikki kolme l\u00e4ht\u00f6\u00e4 voitiin kuitenkin purjehtia loistavassa s\u00e4\u00e4ss\u00e4, mutta hyvin kevyiss\u00e4 ja vaihtelevissa tuulissa. J\u00e4rjestelyt kuitenkin toimivat, kuten aina, loistavasti kilpailup\u00e4\u00e4llikk\u00f6 Roger Nylundin ja NSS:n tiimin osaavassa&hellip;&nbsp;<a href=\"https:\/\/www.ilca.fi\/sv\/laser-master-2019-purjehdittu-lampimissa-keleissa\/\" rel=\"bookmark\">L\u00e4s mer &raquo;<span class=\"screen-reader-text\">Laser Master 2019 purjehdittu l\u00e4mpimiss\u00e4 keleiss\u00e4!<\/span><\/a><\/p>","protected":false},"author":1,"featured_media":0,"comment_status":"closed","ping_status":"open","sticky":false,"template":"","format":"standard","meta":{"neve_meta_sidebar":"","neve_meta_container":"","neve_meta_enable_content_width":"","neve_meta_content_width":70,"neve_meta_title_alignment":"","neve_meta_author_avatar":"","neve_post_elements_order":"","neve_meta_disable_header":"","neve_meta_disable_footer":"","neve_meta_disable_title":"","footnotes":""},"categories":[1],"tags":[],"class_list":["post-4244","post","type-post","status-publish","format-standard","hentry","category-yleinen"],"yoast_head":"<!-- This site is optimized with the Yoast SEO plugin v27.3 - https:\/\/yoast.com\/product\/yoast-seo-wordpress\/ -->\n<title>Laser Master 2019 purjehdittu l\u00e4mpimiss\u00e4 keleiss\u00e4! - ILCA Finland<\/title>\n<meta name=\"robots\" content=\"index, follow, max-snippet:-1, max-image-preview:large, max-video-preview:-1\" \/>\n<link rel=\"canonical\" href=\"https:\/\/www.ilca.fi\/sv\/laser-master-2019-purjehdittu-lampimissa-keleissa\/\" \/>\n<meta property=\"og:locale\" content=\"sv_SE\" \/>\n<meta property=\"og:type\" content=\"article\" \/>\n<meta property=\"og:title\" content=\"Laser Master 2019 purjehdittu l\u00e4mpimiss\u00e4 keleiss\u00e4! - ILCA Finland\" \/>\n<meta property=\"og:description\" content=\"T\u00e4m\u00e4n vuoden Masters luokkamestaruus purjehdukset vietiin l\u00e4pi perinteisesti Nauvossa, enn\u00e4tysl\u00e4mpim\u00e4ss\u00e4 s\u00e4\u00e4ss\u00e4 ja paahtavassa auringossa.Lauantaina aamulla oli t\u00e4ysin tyynt\u00e4 ja p\u00e4\u00e4simme purjehtimaan vasta kahden aikaan, muutaman tunnin odottelun j\u00e4lkeen. Kaikki kolme l\u00e4ht\u00f6\u00e4 voitiin kuitenkin purjehtia loistavassa s\u00e4\u00e4ss\u00e4, mutta hyvin kevyiss\u00e4 ja vaihtelevissa tuulissa. J\u00e4rjestelyt kuitenkin toimivat, kuten aina, loistavasti kilpailup\u00e4\u00e4llikk\u00f6 Roger Nylundin ja NSS:n tiimin osaavassa&hellip;&nbsp;L\u00e4s mer &raquo;Laser Master 2019 purjehdittu l\u00e4mpimiss\u00e4 keleiss\u00e4!\" \/>\n<meta property=\"og:url\" content=\"https:\/\/www.ilca.fi\/sv\/laser-master-2019-purjehdittu-lampimissa-keleissa\/\" \/>\n<meta property=\"og:site_name\" content=\"ILCA Finland\" \/>\n<meta property=\"article:published_time\" content=\"2019-07-30T12:23:06+00:00\" \/>\n<meta property=\"article:modified_time\" content=\"2019-07-30T12:23:08+00:00\" \/>\n<meta property=\"og:image\" content=\"https:\/\/www.ilca.fi\/wp-content\/uploads\/2019\/07\/image-1.png\" \/>\n<meta name=\"author\" content=\"FLA\" \/>\n<meta name=\"twitter:card\" content=\"summary_large_image\" \/>\n<meta name=\"twitter:label1\" content=\"Skriven av\" \/>\n\t<meta name=\"twitter:data1\" content=\"FLA\" \/>\n\t<meta name=\"twitter:label2\" content=\"Ber\u00e4knad l\u00e4stid\" \/>\n\t<meta name=\"twitter:data2\" content=\"1 minut\" \/>\n<script type=\"application\/ld+json\" class=\"yoast-schema-graph\">{\"@context\":\"https:\\\/\\\/schema.org\",\"@graph\":[{\"@type\":\"Article\",\"@id\":\"https:\\\/\\\/www.ilca.fi\\\/laser-master-2019-purjehdittu-lampimissa-keleissa\\\/#article\",\"isPartOf\":{\"@id\":\"https:\\\/\\\/www.ilca.fi\\\/laser-master-2019-purjehdittu-lampimissa-keleissa\\\/\"},\"author\":{\"name\":\"FLA\",\"@id\":\"https:\\\/\\\/www.ilca.fi\\\/#\\\/schema\\\/person\\\/845fceb932728679ceadcdbf7c929446\"},\"headline\":\"Laser Master 2019 purjehdittu l\u00e4mpimiss\u00e4 keleiss\u00e4!\",\"datePublished\":\"2019-07-30T12:23:06+00:00\",\"dateModified\":\"2019-07-30T12:23:08+00:00\",\"mainEntityOfPage\":{\"@id\":\"https:\\\/\\\/www.ilca.fi\\\/laser-master-2019-purjehdittu-lampimissa-keleissa\\\/\"},\"wordCount\":119,\"publisher\":{\"@id\":\"https:\\\/\\\/www.ilca.fi\\\/#organization\"},\"image\":{\"@id\":\"https:\\\/\\\/www.ilca.fi\\\/laser-master-2019-purjehdittu-lampimissa-keleissa\\\/#primaryimage\"},\"thumbnailUrl\":\"https:\\\/\\\/www.ilca.fi\\\/wp-content\\\/uploads\\\/2019\\\/07\\\/image-1.png\",\"articleSection\":[\"Yleinen\"],\"inLanguage\":\"sv-SE\"},{\"@type\":\"WebPage\",\"@id\":\"https:\\\/\\\/www.ilca.fi\\\/laser-master-2019-purjehdittu-lampimissa-keleissa\\\/\",\"url\":\"https:\\\/\\\/www.ilca.fi\\\/laser-master-2019-purjehdittu-lampimissa-keleissa\\\/\",\"name\":\"Laser Master 2019 purjehdittu l\u00e4mpimiss\u00e4 keleiss\u00e4! - ILCA Finland\",\"isPartOf\":{\"@id\":\"https:\\\/\\\/www.ilca.fi\\\/#website\"},\"primaryImageOfPage\":{\"@id\":\"https:\\\/\\\/www.ilca.fi\\\/laser-master-2019-purjehdittu-lampimissa-keleissa\\\/#primaryimage\"},\"image\":{\"@id\":\"https:\\\/\\\/www.ilca.fi\\\/laser-master-2019-purjehdittu-lampimissa-keleissa\\\/#primaryimage\"},\"thumbnailUrl\":\"https:\\\/\\\/www.ilca.fi\\\/wp-content\\\/uploads\\\/2019\\\/07\\\/image-1.png\",\"datePublished\":\"2019-07-30T12:23:06+00:00\",\"dateModified\":\"2019-07-30T12:23:08+00:00\",\"inLanguage\":\"sv-SE\",\"potentialAction\":[{\"@type\":\"ReadAction\",\"target\":[\"https:\\\/\\\/www.ilca.fi\\\/laser-master-2019-purjehdittu-lampimissa-keleissa\\\/\"]}]},{\"@type\":\"ImageObject\",\"inLanguage\":\"sv-SE\",\"@id\":\"https:\\\/\\\/www.ilca.fi\\\/laser-master-2019-purjehdittu-lampimissa-keleissa\\\/#primaryimage\",\"url\":\"https:\\\/\\\/www.ilca.fi\\\/wp-content\\\/uploads\\\/2019\\\/07\\\/image-1.png\",\"contentUrl\":\"https:\\\/\\\/www.ilca.fi\\\/wp-content\\\/uploads\\\/2019\\\/07\\\/image-1.png\"},{\"@type\":\"WebSite\",\"@id\":\"https:\\\/\\\/www.ilca.fi\\\/#website\",\"url\":\"https:\\\/\\\/www.ilca.fi\\\/\",\"name\":\"ILCA Finland\",\"description\":\"Suomen ILCA-luokkaliitto\",\"publisher\":{\"@id\":\"https:\\\/\\\/www.ilca.fi\\\/#organization\"},\"potentialAction\":[{\"@type\":\"SearchAction\",\"target\":{\"@type\":\"EntryPoint\",\"urlTemplate\":\"https:\\\/\\\/www.ilca.fi\\\/?s={search_term_string}\"},\"query-input\":{\"@type\":\"PropertyValueSpecification\",\"valueRequired\":true,\"valueName\":\"search_term_string\"}}],\"inLanguage\":\"sv-SE\"},{\"@type\":\"Organization\",\"@id\":\"https:\\\/\\\/www.ilca.fi\\\/#organization\",\"name\":\"ILCA Finland\",\"url\":\"https:\\\/\\\/www.ilca.fi\\\/\",\"logo\":{\"@type\":\"ImageObject\",\"inLanguage\":\"sv-SE\",\"@id\":\"https:\\\/\\\/www.ilca.fi\\\/#\\\/schema\\\/logo\\\/image\\\/\",\"url\":\"https:\\\/\\\/www.ilca.fi\\\/wp-content\\\/uploads\\\/2020\\\/09\\\/ILCA-350x100-1.png\",\"contentUrl\":\"https:\\\/\\\/www.ilca.fi\\\/wp-content\\\/uploads\\\/2020\\\/09\\\/ILCA-350x100-1.png\",\"width\":350,\"height\":100,\"caption\":\"ILCA Finland\"},\"image\":{\"@id\":\"https:\\\/\\\/www.ilca.fi\\\/#\\\/schema\\\/logo\\\/image\\\/\"}},{\"@type\":\"Person\",\"@id\":\"https:\\\/\\\/www.ilca.fi\\\/#\\\/schema\\\/person\\\/845fceb932728679ceadcdbf7c929446\",\"name\":\"FLA\",\"image\":{\"@type\":\"ImageObject\",\"inLanguage\":\"sv-SE\",\"@id\":\"https:\\\/\\\/secure.gravatar.com\\\/avatar\\\/e12b468b581c18826c91416cb21872de4bfa53738df57cb7f7aee9388c815c7d?s=96&d=mm&r=g\",\"url\":\"https:\\\/\\\/secure.gravatar.com\\\/avatar\\\/e12b468b581c18826c91416cb21872de4bfa53738df57cb7f7aee9388c815c7d?s=96&d=mm&r=g\",\"contentUrl\":\"https:\\\/\\\/secure.gravatar.com\\\/avatar\\\/e12b468b581c18826c91416cb21872de4bfa53738df57cb7f7aee9388c815c7d?s=96&d=mm&r=g\",\"caption\":\"FLA\"},\"url\":\"https:\\\/\\\/www.ilca.fi\\\/sv\\\/author\\\/fla\\\/\"}]}<\/script>\n<!-- \/ Yoast SEO plugin. -->","yoast_head_json":{"title":"Laser Master 2019 purjehdittu l\u00e4mpimiss\u00e4 keleiss\u00e4! - ILCA Finland","robots":{"index":"index","follow":"follow","max-snippet":"max-snippet:-1","max-image-preview":"max-image-preview:large","max-video-preview":"max-video-preview:-1"},"canonical":"https:\/\/www.ilca.fi\/sv\/laser-master-2019-purjehdittu-lampimissa-keleissa\/","og_locale":"sv_SE","og_type":"article","og_title":"Laser Master 2019 purjehdittu l\u00e4mpimiss\u00e4 keleiss\u00e4! - ILCA Finland","og_description":"T\u00e4m\u00e4n vuoden Masters luokkamestaruus purjehdukset vietiin l\u00e4pi perinteisesti Nauvossa, enn\u00e4tysl\u00e4mpim\u00e4ss\u00e4 s\u00e4\u00e4ss\u00e4 ja paahtavassa auringossa.Lauantaina aamulla oli t\u00e4ysin tyynt\u00e4 ja p\u00e4\u00e4simme purjehtimaan vasta kahden aikaan, muutaman tunnin odottelun j\u00e4lkeen. Kaikki kolme l\u00e4ht\u00f6\u00e4 voitiin kuitenkin purjehtia loistavassa s\u00e4\u00e4ss\u00e4, mutta hyvin kevyiss\u00e4 ja vaihtelevissa tuulissa. J\u00e4rjestelyt kuitenkin toimivat, kuten aina, loistavasti kilpailup\u00e4\u00e4llikk\u00f6 Roger Nylundin ja NSS:n tiimin osaavassa&hellip;&nbsp;L\u00e4s mer &raquo;Laser Master 2019 purjehdittu l\u00e4mpimiss\u00e4 keleiss\u00e4!","og_url":"https:\/\/www.ilca.fi\/sv\/laser-master-2019-purjehdittu-lampimissa-keleissa\/","og_site_name":"ILCA Finland","article_published_time":"2019-07-30T12:23:06+00:00","article_modified_time":"2019-07-30T12:23:08+00:00","og_image":[{"url":"https:\/\/www.ilca.fi\/wp-content\/uploads\/2019\/07\/image-1.png","type":"","width":"","height":""}],"author":"FLA","twitter_card":"summary_large_image","twitter_misc":{"Skriven av":"FLA","Ber\u00e4knad l\u00e4stid":"1 minut"},"schema":{"@context":"https:\/\/schema.org","@graph":[{"@type":"Article","@id":"https:\/\/www.ilca.fi\/laser-master-2019-purjehdittu-lampimissa-keleissa\/#article","isPartOf":{"@id":"https:\/\/www.ilca.fi\/laser-master-2019-purjehdittu-lampimissa-keleissa\/"},"author":{"name":"FLA","@id":"https:\/\/www.ilca.fi\/#\/schema\/person\/845fceb932728679ceadcdbf7c929446"},"headline":"Laser Master 2019 purjehdittu l\u00e4mpimiss\u00e4 keleiss\u00e4!","datePublished":"2019-07-30T12:23:06+00:00","dateModified":"2019-07-30T12:23:08+00:00","mainEntityOfPage":{"@id":"https:\/\/www.ilca.fi\/laser-master-2019-purjehdittu-lampimissa-keleissa\/"},"wordCount":119,"publisher":{"@id":"https:\/\/www.ilca.fi\/#organization"},"image":{"@id":"https:\/\/www.ilca.fi\/laser-master-2019-purjehdittu-lampimissa-keleissa\/#primaryimage"},"thumbnailUrl":"https:\/\/www.ilca.fi\/wp-content\/uploads\/2019\/07\/image-1.png","articleSection":["Yleinen"],"inLanguage":"sv-SE"},{"@type":"WebPage","@id":"https:\/\/www.ilca.fi\/laser-master-2019-purjehdittu-lampimissa-keleissa\/","url":"https:\/\/www.ilca.fi\/laser-master-2019-purjehdittu-lampimissa-keleissa\/","name":"Laser Master 2019 purjehdittu l\u00e4mpimiss\u00e4 keleiss\u00e4! - ILCA Finland","isPartOf":{"@id":"https:\/\/www.ilca.fi\/#website"},"primaryImageOfPage":{"@id":"https:\/\/www.ilca.fi\/laser-master-2019-purjehdittu-lampimissa-keleissa\/#primaryimage"},"image":{"@id":"https:\/\/www.ilca.fi\/laser-master-2019-purjehdittu-lampimissa-keleissa\/#primaryimage"},"thumbnailUrl":"https:\/\/www.ilca.fi\/wp-content\/uploads\/2019\/07\/image-1.png","datePublished":"2019-07-30T12:23:06+00:00","dateModified":"2019-07-30T12:23:08+00:00","inLanguage":"sv-SE","potentialAction":[{"@type":"ReadAction","target":["https:\/\/www.ilca.fi\/laser-master-2019-purjehdittu-lampimissa-keleissa\/"]}]},{"@type":"ImageObject","inLanguage":"sv-SE","@id":"https:\/\/www.ilca.fi\/laser-master-2019-purjehdittu-lampimissa-keleissa\/#primaryimage","url":"https:\/\/www.ilca.fi\/wp-content\/uploads\/2019\/07\/image-1.png","contentUrl":"https:\/\/www.ilca.fi\/wp-content\/uploads\/2019\/07\/image-1.png"},{"@type":"WebSite","@id":"https:\/\/www.ilca.fi\/#website","url":"https:\/\/www.ilca.fi\/","name":"ILCA Finland","description":"Finska ILCA klassf\u00f6rbundet","publisher":{"@id":"https:\/\/www.ilca.fi\/#organization"},"potentialAction":[{"@type":"SearchAction","target":{"@type":"EntryPoint","urlTemplate":"https:\/\/www.ilca.fi\/?s={search_term_string}"},"query-input":{"@type":"PropertyValueSpecification","valueRequired":true,"valueName":"search_term_string"}}],"inLanguage":"sv-SE"},{"@type":"Organization","@id":"https:\/\/www.ilca.fi\/#organization","name":"ILCA Finland","url":"https:\/\/www.ilca.fi\/","logo":{"@type":"ImageObject","inLanguage":"sv-SE","@id":"https:\/\/www.ilca.fi\/#\/schema\/logo\/image\/","url":"https:\/\/www.ilca.fi\/wp-content\/uploads\/2020\/09\/ILCA-350x100-1.png","contentUrl":"https:\/\/www.ilca.fi\/wp-content\/uploads\/2020\/09\/ILCA-350x100-1.png","width":350,"height":100,"caption":"ILCA Finland"},"image":{"@id":"https:\/\/www.ilca.fi\/#\/schema\/logo\/image\/"}},{"@type":"Person","@id":"https:\/\/www.ilca.fi\/#\/schema\/person\/845fceb932728679ceadcdbf7c929446","name":"FLA","image":{"@type":"ImageObject","inLanguage":"sv-SE","@id":"https:\/\/secure.gravatar.com\/avatar\/e12b468b581c18826c91416cb21872de4bfa53738df57cb7f7aee9388c815c7d?s=96&d=mm&r=g","url":"https:\/\/secure.gravatar.com\/avatar\/e12b468b581c18826c91416cb21872de4bfa53738df57cb7f7aee9388c815c7d?s=96&d=mm&r=g","contentUrl":"https:\/\/secure.gravatar.com\/avatar\/e12b468b581c18826c91416cb21872de4bfa53738df57cb7f7aee9388c815c7d?s=96&d=mm&r=g","caption":"FLA"},"url":"https:\/\/www.ilca.fi\/sv\/author\/fla\/"}]}},"_links":{"self":[{"href":"https:\/\/www.ilca.fi\/sv\/wp-json\/wp\/v2\/posts\/4244","targetHints":{"allow":["GET"]}}],"collection":[{"href":"https:\/\/www.ilca.fi\/sv\/wp-json\/wp\/v2\/posts"}],"about":[{"href":"https:\/\/www.ilca.fi\/sv\/wp-json\/wp\/v2\/types\/post"}],"author":[{"embeddable":true,"href":"https:\/\/www.ilca.fi\/sv\/wp-json\/wp\/v2\/users\/1"}],"replies":[{"embeddable":true,"href":"https:\/\/www.ilca.fi\/sv\/wp-json\/wp\/v2\/comments?post=4244"}],"version-history":[{"count":0,"href":"https:\/\/www.ilca.fi\/sv\/wp-json\/wp\/v2\/posts\/4244\/revisions"}],"wp:attachment":[{"href":"https:\/\/www.ilca.fi\/sv\/wp-json\/wp\/v2\/media?parent=4244"}],"wp:term":[{"taxonomy":"category","embeddable":true,"href":"https:\/\/www.ilca.fi\/sv\/wp-json\/wp\/v2\/categories?post=4244"},{"taxonomy":"post_tag","embeddable":true,"href":"https:\/\/www.ilca.fi\/sv\/wp-json\/wp\/v2\/tags?post=4244"}],"curies":[{"name":"wp","href":"https:\/\/api.w.org\/{rel}","templated":true}]}}